{"id":10565,"date":"2018-05-22T17:31:29","date_gmt":"2018-05-22T15:31:29","guid":{"rendered":"http:\/\/tanzen-weilheim.de\/cms\/?p=10565"},"modified":"2018-12-11T16:19:08","modified_gmt":"2018-12-11T15:19:08","slug":"finalplatze-in-der-sen-iv-fur-peter-und-birgit-handel-beim-mittelfrankischen-tanzsportwochenende","status":"publish","type":"post","link":"https:\/\/tanzen-weilheim.de\/cms\/10565\/finalplatze-in-der-sen-iv-fur-peter-und-birgit-handel-beim-mittelfrankischen-tanzsportwochenende","title":{"rendered":"Finalpl\u00e4tze in der Sen IV f\u00fcr Peter und Birgit Handel beim Mittelfr\u00e4nkischen Tanzsportwochenende"},"content":{"rendered":"<p><b>Weilheim\/N\u00fcrnberg\/F\u00fcrth<\/b>.&nbsp; Am vergangenen Pfingstwochenende fand wieder einmal das renommierte Mittelfr\u00e4nkische Tanzsportwochenende in F\u00fcrth und N\u00fcrnberg statt. Trotz der Ferienzeit meldeten sich Peter und Birgit Handel hier f\u00fcr zwei Standard-Turniere an, um die Farben der Tanzsportabteilung im TSV 1847 Weilheim e.V. (TSA) hier im Frankenland zu vertreten.<!--more--><\/p>\n<p>Sie erreichten in Ihrer Altersklasse der Senioren IV (ein Partner mu\u00df hier \u00fcber 65 sein, der andere \u00fcber 60) in ihrer Leistungsklasse B an beiden Wettkampftagen jeweils das Finale und sicherten sich am Pfingstsamstag in N\u00fcrnberg den 6. Platz, am Pfingstsonntag dann in F\u00fcrth sogar den 5. Rang. Gewonnen hat beide Turniere jeweils ein Paar aus Salzburg; dies zeigt die hohe Akzeptanz und auch das hohe, sogar internationale Niveau des Startfeldes.<\/p>\n<p><a href=\"https:\/\/tanzen-weilheim.de\/cms\/wp-content\/uploads\/2018\/05\/Handel-04.jpg\"><img loading=\"lazy\" decoding=\"async\" class=\"alignnone size-medium wp-image-10566\" alt=\"Handel 04\" src=\"https:\/\/tanzen-weilheim.de\/cms\/wp-content\/uploads\/2018\/05\/Handel-04-300x240.jpg\" width=\"296\" height=\"237\"><\/a> <a href=\"https:\/\/tanzen-weilheim.de\/cms\/wp-content\/uploads\/2018\/05\/Handel-06.jpg\"><img loading=\"lazy\" decoding=\"async\" class=\"alignnone size-medium wp-image-10567\" alt=\"Handel 06\" src=\"https:\/\/tanzen-weilheim.de\/cms\/wp-content\/uploads\/2018\/05\/Handel-06-200x300.jpg\" width=\"158\" height=\"237\"><\/a> <a href=\"https:\/\/tanzen-weilheim.de\/cms\/wp-content\/uploads\/2018\/05\/Handel-03a.jpg\"><img loading=\"lazy\" decoding=\"async\" class=\"alignnone size-medium wp-image-10568\" alt=\"Handel 03a\" src=\"https:\/\/tanzen-weilheim.de\/cms\/wp-content\/uploads\/2018\/05\/Handel-03a-199x300.jpg\" width=\"156\" height=\"236\"><\/a><\/p>\n<p>Man sieht an diesen Ergebnissen deutlich, da\u00df der Tanzsport auch in den h\u00f6heren Leistungsklassen (und dazu geh\u00f6rt die B-Klasse!) nicht nur ein Sport f\u00fcr junge Menschen ist. Der Tanzsport ist eine der Sportarten, in denen auch und gerade bei den Senioren bis hinauf in hohe Alterskategorien (der Deutsche Tanzsportverband plant derzeit die Einf\u00fchrung der Altersklasse Senioren V, also \u00fcber 75\/70 Jahre\u2026; international gibt es diese Klasse l\u00e4ngst) gro\u00dfartiger und hochqualitativer Leistungssport betrieben wird. Und in der TSA wird auch dieser Leistungssport im Seniorenbereich gut gef\u00f6rdert und unterst\u00fctzt!<\/p>\n<p>Die Abteilung gratuliert Birgit und Peter ganz herzlich zu den guten Ergebnissen!<\/p>\n<p>22.05.2018\/tk<\/p>\n<p>Fotos: TSA; \u00a9 blitznicht.de<\/p>\n","protected":false},"excerpt":{"rendered":"<p>Weilheim\/N\u00fcrnberg\/F\u00fcrth.&nbsp; Am vergangenen Pfingstwochenende fand wieder einmal das renommierte Mittelfr\u00e4nkische Tanzsportwochenende in F\u00fcrth und N\u00fcrnberg statt. Trotz der Ferienzeit meldeten sich Peter und Birgit Handel hier f\u00fcr zwei Standard-Turniere an, um die Farben der Tanzsportabteilung im TSV 1847 Weilheim e.V. (TSA) hier im Frankenland zu vertreten.<\/p>\n","protected":false},"author":17,"featured_media":10568,"comment_status":"open","ping_status":"open","sticky":false,"template":"","format":"standard","meta":{"_jetpack_memberships_contains_paid_content":false,"footnotes":""},"categories":[1],"tags":[],"class_list":["post-10565","post","type-post","status-publish","format-standard","has-post-thumbnail","hentry","category-allgemein"],"jetpack_featured_media_url":"https:\/\/tanzen-weilheim.de\/cms\/wp-content\/uploads\/2018\/05\/Handel-03a.jpg","jetpack_sharing_enabled":true,"_links":{"self":[{"href":"https:\/\/tanzen-weilheim.de\/cms\/wp-json\/wp\/v2\/posts\/10565","targetHints":{"allow":["GET"]}}],"collection":[{"href":"https:\/\/tanzen-weilheim.de\/cms\/wp-json\/wp\/v2\/posts"}],"about":[{"href":"https:\/\/tanzen-weilheim.de\/cms\/wp-json\/wp\/v2\/types\/post"}],"author":[{"embeddable":true,"href":"https:\/\/tanzen-weilheim.de\/cms\/wp-json\/wp\/v2\/users\/17"}],"replies":[{"embeddable":true,"href":"https:\/\/tanzen-weilheim.de\/cms\/wp-json\/wp\/v2\/comments?post=10565"}],"version-history":[{"count":7,"href":"https:\/\/tanzen-weilheim.de\/cms\/wp-json\/wp\/v2\/posts\/10565\/revisions"}],"predecessor-version":[{"id":11718,"href":"https:\/\/tanzen-weilheim.de\/cms\/wp-json\/wp\/v2\/posts\/10565\/revisions\/11718"}],"wp:featuredmedia":[{"embeddable":true,"href":"https:\/\/tanzen-weilheim.de\/cms\/wp-json\/wp\/v2\/media\/10568"}],"wp:attachment":[{"href":"https:\/\/tanzen-weilheim.de\/cms\/wp-json\/wp\/v2\/media?parent=10565"}],"wp:term":[{"taxonomy":"category","embeddable":true,"href":"https:\/\/tanzen-weilheim.de\/cms\/wp-json\/wp\/v2\/categories?post=10565"},{"taxonomy":"post_tag","embeddable":true,"href":"https:\/\/tanzen-weilheim.de\/cms\/wp-json\/wp\/v2\/tags?post=10565"}],"curies":[{"name":"wp","href":"https:\/\/api.w.org\/{rel}","templated":true}]}}