{"id":10502,"date":"2018-04-28T21:09:03","date_gmt":"2018-04-28T19:09:03","guid":{"rendered":"http:\/\/tanzen-weilheim.de\/cms\/?p=10502"},"modified":"2018-12-11T16:32:36","modified_gmt":"2018-12-11T15:32:36","slug":"erster-sieg-in-der-s-klasse-fur-thomas-koterba-und-renee-rothbock","status":"publish","type":"post","link":"https:\/\/tanzen-weilheim.de\/cms\/10502\/erster-sieg-in-der-s-klasse-fur-thomas-koterba-und-renee-rothbock","title":{"rendered":"Erster Sieg in der S-Klasse f\u00fcr Thomas Koterba und Ren\u00e9e Rothb\u00f6ck! Finale f\u00fcr\u00b4s Ehepaar Bauer!"},"content":{"rendered":"<p><b>Weilheim\/K\u00f6nigsbrunn<\/b>.&nbsp; Immer am letzten Wochenende im April l\u00e4dt der TSC dancepoint K\u00f6nigsbrunn e.V. die Seniorenklassen des bayerischen Tanzsports zu sich nach K\u00f6nigsbrunn ein, um nun schon im 14. Jahr diese zweit\u00e4gige Turnier-Veranstaltung durchzuf\u00fchren. Die im dortigen Clubheim auf zwei Fl\u00e4chen ausgetanzten Turniere sind traditionell immer gut, vor allem qualitativ gut besetzt. Und so machten sich auch zwei Paare der Tanzsportabteilung im TSV 1847 Weilheim e.V. (TSA) auf nach K\u00f6nigsbrunn, ein drittes, urspr\u00fcnglich auch gemeldetes Paar mu\u00dfte leider kurzfristig krankheitsbedingt absagen. <!--more--><\/p>\n<p>Seit insg. 8 Monaten trainieren Thomas Koterba und Ren\u00e9e Rothb\u00f6ck nun zusammen und holten sich seit Jahresbeginn schon die eine oder andere gute Turnierplatzierung. Bei ihrer erstmaligen Teilnahme an einem DTV-Ranglistenturnier vergangenes Wochenende in N\u00fcrnberg erreichten sie auf Anhieb die zweite Runde und holten sich gegen die Cr\u00e9me de la Cr\u00e9me der gesamten deutschen Senioren III S-Klasse einen hoch respektablen 44. Platz. Somit taucht erstmals in der Geschichte der TSA ein Weilheimer Paar in einer DTV-Rangliste auf. Und gleich am Wochenende drauf fuhren die Beiden dann zum Seniorenwochenende nach K\u00f6nigsbrunn. Hier gingen sie frohen Mutes ans Werk und wurden f\u00fcr ihr gutes Tanzen gegen Konkurrenz aus ganz Deutschland mit dem Sieg belohnt. Es war ihr erster Sieg in der \u201eBundesliga des Tanzens\u201c, also in der S-Klasse der Altersgruppe Senioren III und dementsprechend waren die Beiden auch hochzufrieden und \u00fcbergl\u00fccklich! Und auch f\u00fcr die TSA war es ein historischer Moment, war es doch somit auch der erste Sieg eines Weilheimer Paares in der h\u00f6chsten deutschen Klasse \u00fcberhaupt.<\/p>\n<p><a href=\"https:\/\/tanzen-weilheim.de\/cms\/wp-content\/uploads\/2018\/04\/Koterba-Rothb\u00f6ck-08a.jpg\"><img loading=\"lazy\" decoding=\"async\" class=\"alignnone size-medium wp-image-10503\" alt=\"Koterba-Rothb\u00f6ck 08a\" src=\"https:\/\/tanzen-weilheim.de\/cms\/wp-content\/uploads\/2018\/04\/Koterba-Rothb\u00f6ck-08a-300x271.jpg\" width=\"300\" height=\"271\"><\/a> <a href=\"https:\/\/tanzen-weilheim.de\/cms\/wp-content\/uploads\/2018\/04\/Koterba-Rothb\u00f6ck-09a.jpg\"><img loading=\"lazy\" decoding=\"async\" class=\"alignnone size-medium wp-image-10504\" alt=\"Koterba-Rothb\u00f6ck 09a\" src=\"https:\/\/tanzen-weilheim.de\/cms\/wp-content\/uploads\/2018\/04\/Koterba-Rothb\u00f6ck-09a-287x300.jpg\" width=\"260\" height=\"272\" srcset=\"https:\/\/tanzen-weilheim.de\/cms\/wp-content\/uploads\/2018\/04\/Koterba-Rothb\u00f6ck-09a-287x300.jpg 287w, https:\/\/tanzen-weilheim.de\/cms\/wp-content\/uploads\/2018\/04\/Koterba-Rothb\u00f6ck-09a-919x960.jpg 919w, https:\/\/tanzen-weilheim.de\/cms\/wp-content\/uploads\/2018\/04\/Koterba-Rothb\u00f6ck-09a-1838x1920.jpg 1838w, https:\/\/tanzen-weilheim.de\/cms\/wp-content\/uploads\/2018\/04\/Koterba-Rothb\u00f6ck-09a-768x802.jpg 768w, https:\/\/tanzen-weilheim.de\/cms\/wp-content\/uploads\/2018\/04\/Koterba-Rothb\u00f6ck-09a-980x1024.jpg 980w, https:\/\/tanzen-weilheim.de\/cms\/wp-content\/uploads\/2018\/04\/Koterba-Rothb\u00f6ck-09a-400x418.jpg 400w, https:\/\/tanzen-weilheim.de\/cms\/wp-content\/uploads\/2018\/04\/Koterba-Rothb\u00f6ck-09a-766x800.jpg 766w\" sizes=\"auto, (max-width: 260px) 100vw, 260px\" \/><\/a><a href=\"https:\/\/tanzen-weilheim.de\/cms\/wp-content\/uploads\/2018\/04\/Koterba-Rothb\u00f6ck-07b.jpg\"><img loading=\"lazy\" decoding=\"async\" class=\"alignnone size-medium wp-image-10513\" alt=\"Koterba-Rothb\u00f6ck 07b\" src=\"https:\/\/tanzen-weilheim.de\/cms\/wp-content\/uploads\/2018\/04\/Koterba-Rothb\u00f6ck-07b-300x184.jpg\" width=\"300\" height=\"184\"><\/a><\/p>\n<p>Am zweiten Tag des Seniorenwochenendes gingen dann Berthold und Valinja Bauer an den Start, und das gleich zweimal. Die Beiden sind ja erst Anfang M\u00e4rz diesen Jahres bei der Landesmeisterschaft in Weilheim in die C-Klasse aufgestiegen und hatten schon dort in der neuen Klasse gleich das Finale erreicht. Und auch hier in K\u00f6nigsbrunn gelang ihnen dies in \u00fcberzeugender Manier. In ihrer eigentlichen Altersklasse der Senioren III erreichten sie in einem wirklich guten Feld das Finale und dort mit Platz 4 bereits im vierten C-Turnier die erste von sieben erforderlichen Platzierungen f\u00fcr den Aufstieg in die B-Klasse. Von diesem Erfolg sichtlich angespornt gingen die Beiden dann auch noch in der n\u00e4chstj\u00fcngeren Altersklasse Sen II an den Start und verpa\u00dften nach Vor- und Zwischenrunde mit Platz 7 (gegen im Durchschnitt 10 Jahre j\u00fcngere Paare!) das Finale&nbsp; nur haarscharf. Aufgrund des erfreulich gro\u00dfen Startfeldes konnten sie jedoch nochmals wichtige Punkte f\u00fcr den Aufstieg einfahren. Und wie schon Thomas und Ren\u00e9e am Vortag berichteten auch Berthold und Valinja von einer absolut erstklassigen Stimmung und einer hervorragenden Turnierorganisation.<\/p>\n<p><a href=\"https:\/\/tanzen-weilheim.de\/cms\/wp-content\/uploads\/2018\/04\/Bauer-10.jpg\"><img loading=\"lazy\" decoding=\"async\" class=\"alignnone size-medium wp-image-10515\" alt=\"Bauer 10\" src=\"https:\/\/tanzen-weilheim.de\/cms\/wp-content\/uploads\/2018\/04\/Bauer-10-199x300.jpg\" width=\"199\" height=\"300\"><\/a> <a href=\"https:\/\/tanzen-weilheim.de\/cms\/wp-content\/uploads\/2018\/04\/Bauer-12.jpg\"><img loading=\"lazy\" decoding=\"async\" class=\"alignnone size-medium wp-image-10516\" alt=\"Bauer 12\" src=\"https:\/\/tanzen-weilheim.de\/cms\/wp-content\/uploads\/2018\/04\/Bauer-12-200x300.jpg\" width=\"200\" height=\"300\" srcset=\"https:\/\/tanzen-weilheim.de\/cms\/wp-content\/uploads\/2018\/04\/Bauer-12-200x300.jpg 200w, https:\/\/tanzen-weilheim.de\/cms\/wp-content\/uploads\/2018\/04\/Bauer-12-640x960.jpg 640w, https:\/\/tanzen-weilheim.de\/cms\/wp-content\/uploads\/2018\/04\/Bauer-12-1280x1920.jpg 1280w, https:\/\/tanzen-weilheim.de\/cms\/wp-content\/uploads\/2018\/04\/Bauer-12-768x1152.jpg 768w, https:\/\/tanzen-weilheim.de\/cms\/wp-content\/uploads\/2018\/04\/Bauer-12-400x600.jpg 400w, https:\/\/tanzen-weilheim.de\/cms\/wp-content\/uploads\/2018\/04\/Bauer-12-533x800.jpg 533w, https:\/\/tanzen-weilheim.de\/cms\/wp-content\/uploads\/2018\/04\/Bauer-12-683x1024.jpg 683w\" sizes=\"auto, (max-width: 200px) 100vw, 200px\" \/><\/a><\/p>\n<p>Die Abteilung gratuliert Valinja, Ren\u00e9e, Berthold und Thomas ganz herzlich zu den tollen Erfolgen!<\/p>\n<p>29.04.2018\/tk<\/p>\n<p>Fotos: \u00a9 blitznicht.de; \u00a9 Klaus Butensch\u00f6n; TSA<\/p>\n<p>&nbsp;<\/p>\n","protected":false},"excerpt":{"rendered":"<p>Weilheim\/K\u00f6nigsbrunn.&nbsp; Immer am letzten Wochenende im April l\u00e4dt der TSC dancepoint K\u00f6nigsbrunn e.V. die Seniorenklassen des bayerischen Tanzsports zu sich nach K\u00f6nigsbrunn ein, um nun schon im 14. Jahr diese zweit\u00e4gige Turnier-Veranstaltung durchzuf\u00fchren. Die im dortigen Clubheim auf zwei Fl\u00e4chen ausgetanzten Turniere sind traditionell immer gut, vor allem qualitativ gut besetzt. Und so machten sich [&hellip;]<\/p>\n","protected":false},"author":17,"featured_media":11726,"comment_status":"open","ping_status":"open","sticky":false,"template":"","format":"standard","meta":{"_jetpack_memberships_contains_paid_content":false,"footnotes":""},"categories":[1],"tags":[],"class_list":["post-10502","post","type-post","status-publish","format-standard","has-post-thumbnail","hentry","category-allgemein"],"jetpack_featured_media_url":"https:\/\/tanzen-weilheim.de\/cms\/wp-content\/uploads\/2018\/04\/Koterba-Rothb\u00f6ck-08a-300x271-1.jpg","jetpack_sharing_enabled":true,"_links":{"self":[{"href":"https:\/\/tanzen-weilheim.de\/cms\/wp-json\/wp\/v2\/posts\/10502","targetHints":{"allow":["GET"]}}],"collection":[{"href":"https:\/\/tanzen-weilheim.de\/cms\/wp-json\/wp\/v2\/posts"}],"about":[{"href":"https:\/\/tanzen-weilheim.de\/cms\/wp-json\/wp\/v2\/types\/post"}],"author":[{"embeddable":true,"href":"https:\/\/tanzen-weilheim.de\/cms\/wp-json\/wp\/v2\/users\/17"}],"replies":[{"embeddable":true,"href":"https:\/\/tanzen-weilheim.de\/cms\/wp-json\/wp\/v2\/comments?post=10502"}],"version-history":[{"count":8,"href":"https:\/\/tanzen-weilheim.de\/cms\/wp-json\/wp\/v2\/posts\/10502\/revisions"}],"predecessor-version":[{"id":11727,"href":"https:\/\/tanzen-weilheim.de\/cms\/wp-json\/wp\/v2\/posts\/10502\/revisions\/11727"}],"wp:featuredmedia":[{"embeddable":true,"href":"https:\/\/tanzen-weilheim.de\/cms\/wp-json\/wp\/v2\/media\/11726"}],"wp:attachment":[{"href":"https:\/\/tanzen-weilheim.de\/cms\/wp-json\/wp\/v2\/media?parent=10502"}],"wp:term":[{"taxonomy":"category","embeddable":true,"href":"https:\/\/tanzen-weilheim.de\/cms\/wp-json\/wp\/v2\/categories?post=10502"},{"taxonomy":"post_tag","embeddable":true,"href":"https:\/\/tanzen-weilheim.de\/cms\/wp-json\/wp\/v2\/tags?post=10502"}],"curies":[{"name":"wp","href":"https:\/\/api.w.org\/{rel}","templated":true}]}}