{"id":10406,"date":"2018-04-16T20:19:15","date_gmt":"2018-04-16T18:19:15","guid":{"rendered":"http:\/\/tanzen-weilheim.de\/cms\/?p=10406"},"modified":"2018-04-17T11:50:29","modified_gmt":"2018-04-17T09:50:29","slug":"gutes-abschneiden-fur-zwei-weilheimer-paare-beim-diesjahrigen-bodenseetanzfest","status":"publish","type":"post","link":"https:\/\/tanzen-weilheim.de\/cms\/10406\/gutes-abschneiden-fur-zwei-weilheimer-paare-beim-diesjahrigen-bodenseetanzfest","title":{"rendered":"Gutes Abschneiden f\u00fcr zwei Weilheimer Paare beim diesj\u00e4hrigen Bodenseetanzfest"},"content":{"rendered":"<p><b>Weilheim\/Bodensee<\/b>.\u00a0 Seit nunmehr 37 Jahren veranstalten die Tanzsportclubs aus Dornbirn, Friedrichshafen, Meersburg, Lindau, Konstanz und \u00dcberlingen immer im Fr\u00fchjahr das sogenannte Bodenseetanzfest. Ziel dieses Ereignisses ist es seit jeher, viele, viele Paare aus \u00d6sterreich, der Schweiz und Deutschland zu einer Jahreszeit an den sch\u00f6nen Bodensee zu holen, zu der alles beginnt, zu gr\u00fcnen und zu bl\u00fchen, um gemeinsam sch\u00f6ne Turniere auszutanzen. Und auch in diesem Jahr haben sich zwei Paare der Tanzsportabteilung des TSV 1847 Weilheim e.V. (TSA) entschlossen, an diesen Turnieren teilzunehmen.<\/p>\n<p><!--more--><\/p>\n<p>Nach ihrer Silbermedaille bei den Bayerischen Meisterschaften Anfang M\u00e4rz in der Weilheimer Stadthalle und dem damit verbundenen Aufstieg in die C-Klasse der Senioren III Standard hatten Berthold und Valinja Bauer viel trainiert, um in der neuen Klasse auch mithalten zu k\u00f6nnen. Sie meldeten sich an beiden Tagen des Bodenseetanzfestes f\u00fcr die entsprechenden Turniere an, am Samstag in Konstanz und am Sonntag in Lindau. Sie tanzten an beiden Tagen gut und konzentriert und verpa\u00dften jeweils nur hauchd\u00fcnn den Sprung ins Finale, am Sonntag sogar nur um ein einziges, winziges Kreuzchen. Auf die erreichten Pl\u00e4tze 8. und 7. k\u00f6nnen die Beiden aber sehr wohl stolz sein, zeigt dies doch, da\u00df sie \u2013 insb. auch angesichts der wirklich guten, teils internationalen Konkurrenz \u2013 in ihrer neuen Klasse \u201eangekommen\u201c sind.<\/p>\n<p><a href=\"https:\/\/tanzen-weilheim.de\/cms\/wp-content\/uploads\/2018\/04\/Bauer-14.jpg\"><img loading=\"lazy\" decoding=\"async\" class=\"alignnone size-medium wp-image-10407\" alt=\"Bauer 14\" src=\"https:\/\/tanzen-weilheim.de\/cms\/wp-content\/uploads\/2018\/04\/Bauer-14-200x300.jpg\" width=\"200\" height=\"300\" srcset=\"https:\/\/tanzen-weilheim.de\/cms\/wp-content\/uploads\/2018\/04\/Bauer-14-200x300.jpg 200w, https:\/\/tanzen-weilheim.de\/cms\/wp-content\/uploads\/2018\/04\/Bauer-14-640x960.jpg 640w, https:\/\/tanzen-weilheim.de\/cms\/wp-content\/uploads\/2018\/04\/Bauer-14-1280x1920.jpg 1280w, https:\/\/tanzen-weilheim.de\/cms\/wp-content\/uploads\/2018\/04\/Bauer-14-768x1152.jpg 768w, https:\/\/tanzen-weilheim.de\/cms\/wp-content\/uploads\/2018\/04\/Bauer-14-400x600.jpg 400w, https:\/\/tanzen-weilheim.de\/cms\/wp-content\/uploads\/2018\/04\/Bauer-14-533x800.jpg 533w, https:\/\/tanzen-weilheim.de\/cms\/wp-content\/uploads\/2018\/04\/Bauer-14-683x1024.jpg 683w\" sizes=\"auto, (max-width: 200px) 100vw, 200px\" \/><\/a> <a href=\"https:\/\/tanzen-weilheim.de\/cms\/wp-content\/uploads\/2018\/04\/Bauer-15.jpg\"><img loading=\"lazy\" decoding=\"async\" class=\"alignnone size-medium wp-image-10408\" alt=\"Bauer 15\" src=\"https:\/\/tanzen-weilheim.de\/cms\/wp-content\/uploads\/2018\/04\/Bauer-15-200x300.jpg\" width=\"200\" height=\"300\" srcset=\"https:\/\/tanzen-weilheim.de\/cms\/wp-content\/uploads\/2018\/04\/Bauer-15-200x300.jpg 200w, https:\/\/tanzen-weilheim.de\/cms\/wp-content\/uploads\/2018\/04\/Bauer-15-640x960.jpg 640w, https:\/\/tanzen-weilheim.de\/cms\/wp-content\/uploads\/2018\/04\/Bauer-15-1280x1920.jpg 1280w, https:\/\/tanzen-weilheim.de\/cms\/wp-content\/uploads\/2018\/04\/Bauer-15-768x1152.jpg 768w, https:\/\/tanzen-weilheim.de\/cms\/wp-content\/uploads\/2018\/04\/Bauer-15-400x600.jpg 400w, https:\/\/tanzen-weilheim.de\/cms\/wp-content\/uploads\/2018\/04\/Bauer-15-533x800.jpg 533w, https:\/\/tanzen-weilheim.de\/cms\/wp-content\/uploads\/2018\/04\/Bauer-15-683x1024.jpg 683w\" sizes=\"auto, (max-width: 200px) 100vw, 200px\" \/><\/a><\/p>\n<p>Und auch Thomas Koterba und Ren\u00e9e Rothb\u00f6ck machten sich auf den Weg zum Bodensee. Die Beiden, die Anfang M\u00e4rz nach nur 6 Monaten gemeinsamen Trainings gleich das Halbfinale der Lndesmeisterschaften in Weilheim in der Sonderklasse S bei den Senioren III erreichten, gingen am Wochenende nach Ostern auch erstmals auf internationalen WDSF-Turnieren in Wien f\u00fcr Deutschland an den Start (die WDSF ist die <i>World Dance Sport Federation<\/i>, der internationale Dachverband). Das herausstechende Merkmal dieser Turniere in Wien ist das extrem sch\u00f6ne Ambiente im riesigen, historischen Wiener Rathaussaal, der zurecht als eine der sch\u00f6nsten Turnierst\u00e4tten in ganz Europa ger\u00fchmt wird. Nach so kurzer Zeit gemeinsamen Trainings konnten die Beiden mit ihrer internationalen Premiere wirklich sehr zufrieden sein und waren es auch. Am Bodensee meldeten sie sich dann f\u00fcr das Turnier der Senioren III in der Sonderklasse S am Samstag in Meersburg, erreichten in einem hochklassigen und vor allem mit 19 Paaren sehr gro\u00dfen Feld auf Anhieb wieder das Finale und waren mit ihrem 6. Platz mehr als zufrieden. Sie schlugen dabei gleich mehrere Paare, die am Wochenende zuvor in Wien noch vor ihnen lagen! So kann es gerne weitergehen!<\/p>\n<p><a href=\"https:\/\/tanzen-weilheim.de\/cms\/wp-content\/uploads\/2018\/04\/Koterba-Rothb\u00f6ck-Siegerehrung-Sen-III-S-Meersburg-3.jpg\"><img loading=\"lazy\" decoding=\"async\" class=\"alignnone size-medium wp-image-10413\" alt=\"Koterba-Rothb\u00f6ck Siegerehrung Sen III S Meersburg 3\" src=\"https:\/\/tanzen-weilheim.de\/cms\/wp-content\/uploads\/2018\/04\/Koterba-Rothb\u00f6ck-Siegerehrung-Sen-III-S-Meersburg-3-300x225.jpg\" width=\"300\" height=\"225\" srcset=\"https:\/\/tanzen-weilheim.de\/cms\/wp-content\/uploads\/2018\/04\/Koterba-Rothb\u00f6ck-Siegerehrung-Sen-III-S-Meersburg-3-300x225.jpg 300w, https:\/\/tanzen-weilheim.de\/cms\/wp-content\/uploads\/2018\/04\/Koterba-Rothb\u00f6ck-Siegerehrung-Sen-III-S-Meersburg-3-960x720.jpg 960w, https:\/\/tanzen-weilheim.de\/cms\/wp-content\/uploads\/2018\/04\/Koterba-Rothb\u00f6ck-Siegerehrung-Sen-III-S-Meersburg-3-768x576.jpg 768w, https:\/\/tanzen-weilheim.de\/cms\/wp-content\/uploads\/2018\/04\/Koterba-Rothb\u00f6ck-Siegerehrung-Sen-III-S-Meersburg-3-1024x768.jpg 1024w, https:\/\/tanzen-weilheim.de\/cms\/wp-content\/uploads\/2018\/04\/Koterba-Rothb\u00f6ck-Siegerehrung-Sen-III-S-Meersburg-3-400x300.jpg 400w, https:\/\/tanzen-weilheim.de\/cms\/wp-content\/uploads\/2018\/04\/Koterba-Rothb\u00f6ck-Siegerehrung-Sen-III-S-Meersburg-3-800x600.jpg 800w, https:\/\/tanzen-weilheim.de\/cms\/wp-content\/uploads\/2018\/04\/Koterba-Rothb\u00f6ck-Siegerehrung-Sen-III-S-Meersburg-3.jpg 1280w\" sizes=\"auto, (max-width: 300px) 100vw, 300px\" \/><\/a>\u00a0<a href=\"https:\/\/tanzen-weilheim.de\/cms\/wp-content\/uploads\/2018\/04\/Koterba-Rothb\u00f6ck-Action.jpg\"><img loading=\"lazy\" decoding=\"async\" class=\"alignnone size-medium wp-image-10410\" alt=\"Koterba-Rothb\u00f6ck Action\" src=\"https:\/\/tanzen-weilheim.de\/cms\/wp-content\/uploads\/2018\/04\/Koterba-Rothb\u00f6ck-Action-195x300.jpg\" width=\"195\" height=\"300\" srcset=\"https:\/\/tanzen-weilheim.de\/cms\/wp-content\/uploads\/2018\/04\/Koterba-Rothb\u00f6ck-Action-195x300.jpg 195w, https:\/\/tanzen-weilheim.de\/cms\/wp-content\/uploads\/2018\/04\/Koterba-Rothb\u00f6ck-Action-624x960.jpg 624w, https:\/\/tanzen-weilheim.de\/cms\/wp-content\/uploads\/2018\/04\/Koterba-Rothb\u00f6ck-Action.jpg 666w, https:\/\/tanzen-weilheim.de\/cms\/wp-content\/uploads\/2018\/04\/Koterba-Rothb\u00f6ck-Action-390x600.jpg 390w, https:\/\/tanzen-weilheim.de\/cms\/wp-content\/uploads\/2018\/04\/Koterba-Rothb\u00f6ck-Action-520x800.jpg 520w\" sizes=\"auto, (max-width: 195px) 100vw, 195px\" \/><\/a><\/p>\n<p>Das Bodenseetanzfest ist auch in 2018 f\u00fcr die Weilheimer Paare ein gutes Pflaster gewesen. Seitens der Abteilung herzlichen Gl\u00fcckwunsch den beteiligten Paaren!<\/p>\n<p>&nbsp;<\/p>\n<p>16.04.2018\/tk<\/p>\n","protected":false},"excerpt":{"rendered":"<p>Weilheim\/Bodensee.\u00a0 Seit nunmehr 37 Jahren veranstalten die Tanzsportclubs aus Dornbirn, Friedrichshafen, Meersburg, Lindau, Konstanz und \u00dcberlingen immer im Fr\u00fchjahr das sogenannte Bodenseetanzfest. Ziel dieses Ereignisses ist es seit jeher, viele, viele Paare aus \u00d6sterreich, der Schweiz und Deutschland zu einer Jahreszeit an den sch\u00f6nen Bodensee zu holen, zu der alles beginnt, zu gr\u00fcnen und zu [&hellip;]<\/p>\n","protected":false},"author":17,"featured_media":0,"comment_status":"open","ping_status":"open","sticky":false,"template":"","format":"standard","meta":{"_jetpack_memberships_contains_paid_content":false,"footnotes":""},"categories":[1],"tags":[],"class_list":["post-10406","post","type-post","status-publish","format-standard","hentry","category-allgemein"],"jetpack_featured_media_url":"","jetpack_sharing_enabled":true,"_links":{"self":[{"href":"https:\/\/tanzen-weilheim.de\/cms\/wp-json\/wp\/v2\/posts\/10406","targetHints":{"allow":["GET"]}}],"collection":[{"href":"https:\/\/tanzen-weilheim.de\/cms\/wp-json\/wp\/v2\/posts"}],"about":[{"href":"https:\/\/tanzen-weilheim.de\/cms\/wp-json\/wp\/v2\/types\/post"}],"author":[{"embeddable":true,"href":"https:\/\/tanzen-weilheim.de\/cms\/wp-json\/wp\/v2\/users\/17"}],"replies":[{"embeddable":true,"href":"https:\/\/tanzen-weilheim.de\/cms\/wp-json\/wp\/v2\/comments?post=10406"}],"version-history":[{"count":3,"href":"https:\/\/tanzen-weilheim.de\/cms\/wp-json\/wp\/v2\/posts\/10406\/revisions"}],"predecessor-version":[{"id":10412,"href":"https:\/\/tanzen-weilheim.de\/cms\/wp-json\/wp\/v2\/posts\/10406\/revisions\/10412"}],"wp:attachment":[{"href":"https:\/\/tanzen-weilheim.de\/cms\/wp-json\/wp\/v2\/media?parent=10406"}],"wp:term":[{"taxonomy":"category","embeddable":true,"href":"https:\/\/tanzen-weilheim.de\/cms\/wp-json\/wp\/v2\/categories?post=10406"},{"taxonomy":"post_tag","embeddable":true,"href":"https:\/\/tanzen-weilheim.de\/cms\/wp-json\/wp\/v2\/tags?post=10406"}],"curies":[{"name":"wp","href":"https:\/\/api.w.org\/{rel}","templated":true}]}}