{"id":10396,"date":"2018-04-14T17:16:58","date_gmt":"2018-04-14T15:16:58","guid":{"rendered":"http:\/\/tanzen-weilheim.de\/cms\/?p=10396"},"modified":"2019-03-19T14:40:46","modified_gmt":"2019-03-19T13:40:46","slug":"abteilungsmitgliederversammlung-der-tanzsportabteilung-mit-neuwahlen-eine-ara-geht-zu-ende-peter-handel-tritt-nicht-mehr-an-als-abteilungsleiter","status":"publish","type":"post","link":"https:\/\/tanzen-weilheim.de\/cms\/10396\/abteilungsmitgliederversammlung-der-tanzsportabteilung-mit-neuwahlen-eine-ara-geht-zu-ende-peter-handel-tritt-nicht-mehr-an-als-abteilungsleiter","title":{"rendered":"Abteilungsmitgliederversammlung der Tanzsportabteilung mit Neuwahlen &#8211; Eine \u00c4ra geht zu Ende \u2013 Peter Handel tritt  als Abteilungsleiter nicht mehr an"},"content":{"rendered":"<p><b>Weilheim<\/b>.&nbsp; Am Freitag den 13. April fand im Mehrzweckraum des TSV-Vereinsheimes turnusgem\u00e4\u00df die Abteilungsmitgliederversammlung der Tanzsportabteilung des TSV 1847 Weilheim e.V. (TSA) statt. <!--more--><\/p>\n<p>Wenn bei einer Abteilungsmitgliederversammlung gleich alle drei Vorst\u00e4nde des TSV 1847 Weilheim e.V. zugegen sind, da\u00df mu\u00df da schon ein besonderer Grund vorliegen. Und dieser Grund lag f\u00fcr Dieter Pausch, Eva-Maria Schweiger und Uwe Beekmann wahrlich vor. Nach fast 30 Jahren hochgradig erfolgreicher T\u00e4tigkeit in der Abteilungsleitung der TSA hatte der scheidende Abteilungsleiter Peter Handel schon vor einem Jahr angek\u00fcndigt, in diesem Jahr nicht f\u00fcr eine Wiederwahl zur Verf\u00fcgung zu stehen.<\/p>\n<p>Aber der Reihe nach: Nach der Er\u00f6ffnung und Begr\u00fc\u00dfung, sowie der Feststellung der ordnungsgem\u00e4\u00dfen Einladung und der Beschlu\u00dff\u00e4higkeit standen zun\u00e4chst die Berichte aus den einzelnen Abteilungsleitungsressorts auf der Tagesordnung: zuerst der Kassenbericht, dann der Bericht des Sportwarts, in dem Thomas Koterba \u00fcber die vielf\u00e4ltigen sportlichen Erfolge der TSA berichten konnte. Es folgte der Bericht des f\u00fcr die Belange des Breiten- und Gesellschaftssports zust\u00e4ndigen stv. Abteilungsleiters Peter Mayer, der dabei insb. auf die erfolgreiche Abnahme des Deutschen Tanzsportabzeichens durch \u00fcber 30 Mitglieder der TSA einging, sowie des Jugendwarts Christopher Roth. Als letztes folgte der Bericht des scheidenden Abteilungsleiters Peter Handel, der dies nutzte f\u00fcr eine R\u00fcckschau auf die vergangenen 29 Jahre, die er der Abteilungsleitung der TSA angeh\u00f6rte. Zuerst waren dies 9 Jahre als stellvertretender Abteilungsleiter und dann sage und schreibe volle 20 Jahre als Leiter der Abteilung. Er lie\u00df diese 29 Jahre kurz, aber intensiv Revue passieren und bedankte sich mit kleinen Geschenken bei allen, die dabei in der Abteilungsleitung ihn begleiteten. Langanhaltender und intensiver Beifall zeugten vom Respekt der gesamten Abteilung f\u00fcr seine langj\u00e4hrige und \u00e4u\u00dferst erfolgreiche Arbeit. Es folgte dann die Ehrung von Bernd und Angela St\u00fchler, sowie Siegfried Schuster-Ambs, die alle drei jeweils f\u00fcr mehr als 25 erste bis dritte Pl\u00e4tze auf Leistungssportturnieren das Deutsche Tanz-Turnier-Abzeichen in Silber erhielten. Des Weiteren \u00fcbergab der Sportwart Thomas Koterba Urkunde und Ehrenpreis des Landkreises Weilheim-Schongau an das Ehepaar Christian und Tanja Dick, da die Beiden bei der Landkreis-Sportlerehrung terminlich nicht konnten.<\/p>\n<p>Danach \u00fcbernahm der 1. Vorstand des TSV, Dieter Pausch die Versammlungsleitung, um zusammen mit Eva-Maria Schweiger und Uwe Beekmann die anstehenden Neuwahlen als Wahlleiter durchzuf\u00fchren. In die Fu\u00dfstapfen von Peter Handel tritt als neue Abteilungsleiterin Monika Marschall, der Posten des stv. Abteilungsleiters blieb unver\u00e4ndert bei Peter Mayer. Als Kassenwart wurde nun auch offiziell der seit Jahresbeginn schon kommissarisch t\u00e4tige Berthold Bauer gew\u00e4hlt. Die Schriftf\u00fchrung \u00fcbernahm G\u00fcnter Zoubek, w\u00e4hrend die Posten des Jugendleiters mit Christopher Roth und des Sportwartes mit Thomas Koterba unver\u00e4ndert blieben. In die verantwortungsvolle T\u00e4tigkeit der zwei Kassenpr\u00fcfer wurden mit Joachim Michel und Veronika Lanz zwei ausgewiesene Fachleute neu gew\u00e4hlt, da die bisherigen Kassenpr\u00fcfer Hans Trie\u00dfl und Reinhold Huber nach ebenfalls langj\u00e4hriger T\u00e4tigkeit auch dieses Amt in j\u00fcngere H\u00e4nde legen wollten.<\/p>\n<p>Nach den Wahlen gab die neue Abteilungsleiterin einen kurzen Ausblick auf die Planungen f\u00fcr das Jahr 2018, unterst\u00fctzt von Peter Handel, der in Abwesenheit des neuen Kassenwartes den Haushaltsplan vorstellte, sowie von Thomas Koterba f\u00fcr den sportlichen Bereich.<\/p>\n<p>Als letzter Punkt folgte dann der Dank und die Anerkennung der Abteilung f\u00fcr den ausgeschiedenen Abteilungsleiter Peter Handel. Sein Stellvertreter Peter Mayer w\u00fcrdigte seine gro\u00dfen Verdienste in seiner Laudatio noch einmal ausf\u00fchrlich und sprach den gro\u00dfen Dank der gesamten Abteilung f\u00fcr Peter Handels langj\u00e4hriges hervorragendes Wirken aus. Als kleines Zeichen der Dankbarkeit \u00fcbergab er dem Peter einen Geschenkkorb und als Erinnerung eine gro\u00dfe Foto-Collage mit Bildern aller Gruppen der Abteilung und den Unterschriften aller Mitglieder. Es folgte erneut ein langanhaltender Beifall, ja Standing Ovations f\u00fcr Peter Handel, bevor seine Nachfolgerin den offiziellen Teil der Versammlung beendete und man zum gem\u00fctlichen Teil \u00fcberging.<\/p>\n<p><a href=\"https:\/\/tanzen-weilheim.de\/cms\/wp-content\/uploads\/2018\/04\/TSA-Abschied-Peter-Handel.jpg\"><img loading=\"lazy\" decoding=\"async\" class=\"alignnone size-medium wp-image-10397\" alt=\"TSA Abschied Peter Handel\" src=\"https:\/\/tanzen-weilheim.de\/cms\/wp-content\/uploads\/2018\/04\/TSA-Abschied-Peter-Handel-300x243.jpg\" width=\"300\" height=\"243\"><\/a> <a href=\"https:\/\/tanzen-weilheim.de\/cms\/wp-content\/uploads\/2018\/04\/TSA-Neue-Abteilungsleitung.jpg\"><img loading=\"lazy\" decoding=\"async\" class=\"alignnone size-medium wp-image-10398\" alt=\"TSA Neue Abteilungsleitung\" src=\"https:\/\/tanzen-weilheim.de\/cms\/wp-content\/uploads\/2018\/04\/TSA-Neue-Abteilungsleitung-300x240.jpg\" width=\"300\" height=\"240\"><\/a><\/p>\n<p>14.04.2018\/tk<\/p>\n","protected":false},"excerpt":{"rendered":"<p>Weilheim.&nbsp; Am Freitag den 13. April fand im Mehrzweckraum des TSV-Vereinsheimes turnusgem\u00e4\u00df die Abteilungsmitgliederversammlung der Tanzsportabteilung des TSV 1847 Weilheim e.V. (TSA) statt.<\/p>\n","protected":false},"author":17,"featured_media":11722,"comment_status":"open","ping_status":"open","sticky":false,"template":"","format":"standard","meta":{"_jetpack_memberships_contains_paid_content":false,"footnotes":""},"categories":[1],"tags":[],"class_list":["post-10396","post","type-post","status-publish","format-standard","has-post-thumbnail","hentry","category-allgemein"],"jetpack_featured_media_url":"https:\/\/tanzen-weilheim.de\/cms\/wp-content\/uploads\/2018\/04\/TSA-Abschied-Peter-Handel-300x243-1.jpg","jetpack_sharing_enabled":true,"_links":{"self":[{"href":"https:\/\/tanzen-weilheim.de\/cms\/wp-json\/wp\/v2\/posts\/10396","targetHints":{"allow":["GET"]}}],"collection":[{"href":"https:\/\/tanzen-weilheim.de\/cms\/wp-json\/wp\/v2\/posts"}],"about":[{"href":"https:\/\/tanzen-weilheim.de\/cms\/wp-json\/wp\/v2\/types\/post"}],"author":[{"embeddable":true,"href":"https:\/\/tanzen-weilheim.de\/cms\/wp-json\/wp\/v2\/users\/17"}],"replies":[{"embeddable":true,"href":"https:\/\/tanzen-weilheim.de\/cms\/wp-json\/wp\/v2\/comments?post=10396"}],"version-history":[{"count":5,"href":"https:\/\/tanzen-weilheim.de\/cms\/wp-json\/wp\/v2\/posts\/10396\/revisions"}],"predecessor-version":[{"id":12758,"href":"https:\/\/tanzen-weilheim.de\/cms\/wp-json\/wp\/v2\/posts\/10396\/revisions\/12758"}],"wp:featuredmedia":[{"embeddable":true,"href":"https:\/\/tanzen-weilheim.de\/cms\/wp-json\/wp\/v2\/media\/11722"}],"wp:attachment":[{"href":"https:\/\/tanzen-weilheim.de\/cms\/wp-json\/wp\/v2\/media?parent=10396"}],"wp:term":[{"taxonomy":"category","embeddable":true,"href":"https:\/\/tanzen-weilheim.de\/cms\/wp-json\/wp\/v2\/categories?post=10396"},{"taxonomy":"post_tag","embeddable":true,"href":"https:\/\/tanzen-weilheim.de\/cms\/wp-json\/wp\/v2\/tags?post=10396"}],"curies":[{"name":"wp","href":"https:\/\/api.w.org\/{rel}","templated":true}]}}