{"id":10323,"date":"2018-04-09T15:37:31","date_gmt":"2018-04-09T13:37:31","guid":{"rendered":"http:\/\/tanzen-weilheim.de\/cms\/?p=10323"},"modified":"2018-12-11T16:24:39","modified_gmt":"2018-12-11T15:24:39","slug":"erstes-internationales-wdsf-turnier-fur-thomas-koterba-und-renee-rothbock","status":"publish","type":"post","link":"https:\/\/tanzen-weilheim.de\/cms\/10323\/erstes-internationales-wdsf-turnier-fur-thomas-koterba-und-renee-rothbock","title":{"rendered":"Erstes internationales WDSF-Turnier f\u00fcr Thomas Koterba und Ren\u00e9e Rothb\u00f6ck"},"content":{"rendered":"<p><b>Weilheim\/Wien<\/b>.&nbsp; Am verl\u00e4ngerten Wochenende vom Freitag, den 06.04. 18 bis zum Sonntag, den 08.04.2018 stand in der \u00f6sterreichischen Hauptstadt Wien die 25. Auflage des \u201eVienna Dance Concourse\u201c statt. Erstmals ging hier das Weilheimer Paar Thomas Koterba und Ren\u00e9e Rothb\u00f6ck f\u00fcr Deutschland auch bei einem internationalen Turnier an den Start. <!--more--><\/p>\n<p>Nach ihren beiden ersten Turnierstarts, die f\u00fcr Thomas und Ren\u00e9e ja durchaus erfolgreich waren (3. Platz bei den Vorarlberger Landesmeisterschaften und Halbfinale bei der Bayerischen Meisterschaft Anfang M\u00e4rz in Weilheim, jeweils in der Altersklasse Senioren III in der Sonderklasse S Standard), wollten die Beiden, die ja erst seit 7 Monaten zusammen trainieren, sich erstmals auch die wesentlich h\u00e4rtere internationale Luft um die Ohren wehen lassen und sich mit Paaren aus der ganzen Welt messen. Als Startort ihrer ersten beiden WDSF-Turniere (die WDSF ist die <i>World Dance Sport Federation<\/i>, der internationale Dachverband, dem auch der DTV, der Deutsche Tanzsportverband angeh\u00f6rt) haben sich Thomas und Ren\u00e9e&nbsp; die hochrenommierte Veranstaltung in Wien herausgesucht, die passenderweise in diesem Jahr auch noch ihr 25. Jubil\u00e4um feierte und dabei einen noch nie dagewesenen Rekord bei den Meldezahlen erreichte. An den drei Turniertagen waren insg. \u00fcber 400 Paare aus aller Welt gemeldet mit zusammen weit \u00fcber 800 Turnierstarts \u2013 das kann man durchaus eine Mammutveranstaltung nennen. Trotz der unerwartet hohen Teilnehmerzahl (es mu\u00dfte bereits anderthalb Wochen vor Turnierbeginn die Online-Anmeldung geschlossen werden, soviele Paare wollten dieses Jahr nach Wien\u2026) war die gesamte Veranstaltung erstklassig organisiert und wurde wirklich h\u00f6chst professionell durchgef\u00fchrt.&nbsp; Das herausstechende Merkmal dieses Turniers in Wien ist und bleibt dabei das extrem sch\u00f6ne Ambiente im riesigen, historischen Wiener Rathaussaal, der zurecht als eine der sch\u00f6nsten Turnierst\u00e4tten in ganz Europa ger\u00fchmt wird. Allein das Gef\u00fchl, in so einem Saal tanzen zu d\u00fcrfen und dann noch gegen so tolle Konkurrenz aus aller Welt, das ist schon beeindruckend.<\/p>\n<p><a href=\"https:\/\/tanzen-weilheim.de\/cms\/wp-content\/uploads\/2018\/04\/IMG-20180406-WA0010.jpg\"><img loading=\"lazy\" decoding=\"async\" alt=\"IMG-20180406-WA0010\" src=\"https:\/\/tanzen-weilheim.de\/cms\/wp-content\/uploads\/2018\/04\/IMG-20180406-WA0010-225x300.jpg\" width=\"225\" height=\"300\"><\/a><\/p>\n<p>Thomas und Ren\u00e9e starteten am Freitag und Samstag jeweils in den WDSF-Turnieren der Seniorenklasse III und erreichten am Freitag unter 119 Paaren und damit Konkurrenz aus USA, Canada, Japan, Ru\u00dfland, Deutschland, Italien, \u00d6sterreich, Frankreich usw. die erste Zwischenrunde und insg. den 77. Platz. Im Langsamen Walzer der Vorrunde erhielten sie sogar von allen 9 (!) internationalen Wertungsrichtern je ein Kreuz. Sie konnten somit bei ihrer Premiere schon \u00fcber 40 Paare hinter sich lassen. Am Samstag schafften sie es leider nicht, die Zwischenrunde zu erreichen. Die Konkurrenz war hier noch etwas zahlreicher und vor allem besser und so wurde es der 100. Platz von 128 Paaren. Die Beiden waren zwar bisserl entt\u00e4uscht, da\u00df sie nicht ein zweites Mal tanzen durften, so wie am Freitag, aber die Entt\u00e4uschung wich schnell dem berechtigten Gef\u00fchl, ihre internationale Feuertaufe bei einem der sch\u00f6nsten Turniere Europas mit gutem Erfolg bestanden zu haben! Jetzt, nachdem sie hier international \u201eBlut geleckt haben\u201c, werden sie sicher ihre Trainingsanstrengungen weiter verst\u00e4rken und sich auf die international n\u00f6tigen Skills fokussieren, um hier bei den n\u00e4chsten Turnieren langsam, aber sicher St\u00fcck f\u00fcr St\u00fcck sich weiter nach vorne zu arbeiten. Nach erst 7 Monaten gemeinsamen Trainings k\u00f6nnen die Beiden mit dieser internationalen Premiere wirklich sehr zufrieden sein und waren es auch.<\/p>\n<p>Damit ist die Tanzsportabteilung des TSV 1847 Weilheim e.V. nach jahrelanger Pause wieder auf&nbsp; der Ebene der internationalen WDSF-Turniere angekommen, dabei erstmals sogar im Ausland, und erstmals ist mit den Beiden ein Weilheimer Paar \u00fcber die erste Runde eines internationalen Turniers hinausgekommen! Dar\u00fcber freut sich die Abteilung sehr und gratuliert Thomas und Ren\u00e9e zu ihrer gelungenen internationalen Premiere.<\/p>\n<p>09.04.2018\/tk<\/p>\n","protected":false},"excerpt":{"rendered":"<p>Weilheim\/Wien.&nbsp; Am verl\u00e4ngerten Wochenende vom Freitag, den 06.04. 18 bis zum Sonntag, den 08.04.2018 stand in der \u00f6sterreichischen Hauptstadt Wien die 25. Auflage des \u201eVienna Dance Concourse\u201c statt. Erstmals ging hier das Weilheimer Paar Thomas Koterba und Ren\u00e9e Rothb\u00f6ck f\u00fcr Deutschland auch bei einem internationalen Turnier an den Start.<\/p>\n","protected":false},"author":17,"featured_media":11720,"comment_status":"open","ping_status":"open","sticky":false,"template":"","format":"standard","meta":{"_jetpack_memberships_contains_paid_content":false,"footnotes":""},"categories":[1],"tags":[],"class_list":["post-10323","post","type-post","status-publish","format-standard","has-post-thumbnail","hentry","category-allgemein"],"jetpack_featured_media_url":"https:\/\/tanzen-weilheim.de\/cms\/wp-content\/uploads\/2018\/04\/Thomas_Renee_Wien.jpg","jetpack_sharing_enabled":true,"_links":{"self":[{"href":"https:\/\/tanzen-weilheim.de\/cms\/wp-json\/wp\/v2\/posts\/10323","targetHints":{"allow":["GET"]}}],"collection":[{"href":"https:\/\/tanzen-weilheim.de\/cms\/wp-json\/wp\/v2\/posts"}],"about":[{"href":"https:\/\/tanzen-weilheim.de\/cms\/wp-json\/wp\/v2\/types\/post"}],"author":[{"embeddable":true,"href":"https:\/\/tanzen-weilheim.de\/cms\/wp-json\/wp\/v2\/users\/17"}],"replies":[{"embeddable":true,"href":"https:\/\/tanzen-weilheim.de\/cms\/wp-json\/wp\/v2\/comments?post=10323"}],"version-history":[{"count":7,"href":"https:\/\/tanzen-weilheim.de\/cms\/wp-json\/wp\/v2\/posts\/10323\/revisions"}],"predecessor-version":[{"id":11721,"href":"https:\/\/tanzen-weilheim.de\/cms\/wp-json\/wp\/v2\/posts\/10323\/revisions\/11721"}],"wp:featuredmedia":[{"embeddable":true,"href":"https:\/\/tanzen-weilheim.de\/cms\/wp-json\/wp\/v2\/media\/11720"}],"wp:attachment":[{"href":"https:\/\/tanzen-weilheim.de\/cms\/wp-json\/wp\/v2\/media?parent=10323"}],"wp:term":[{"taxonomy":"category","embeddable":true,"href":"https:\/\/tanzen-weilheim.de\/cms\/wp-json\/wp\/v2\/categories?post=10323"},{"taxonomy":"post_tag","embeddable":true,"href":"https:\/\/tanzen-weilheim.de\/cms\/wp-json\/wp\/v2\/tags?post=10323"}],"curies":[{"name":"wp","href":"https:\/\/api.w.org\/{rel}","templated":true}]}}