{"id":10260,"date":"2018-03-26T21:08:58","date_gmt":"2018-03-26T19:08:58","guid":{"rendered":"http:\/\/tanzen-weilheim.de\/cms\/?p=10260"},"modified":"2018-12-14T14:32:03","modified_gmt":"2018-12-14T13:32:03","slug":"bronze-preise-fur-zwei-weilheimer-paare-bei-der-landkreis-sportlerehrung-2018","status":"publish","type":"post","link":"https:\/\/tanzen-weilheim.de\/cms\/10260\/bronze-preise-fur-zwei-weilheimer-paare-bei-der-landkreis-sportlerehrung-2018","title":{"rendered":"Bronze-Preise f\u00fcr zwei Weilheimer Paare bei der Landkreis-Sportlerehrung 2018"},"content":{"rendered":"<p><b>Weilheim.<\/b> Seit einigen Jahren nun ist es schon fast \u201e\u00fcblich\u201c, da\u00df Paare der Tanzsportabteilung (TSA) des TSV 1847 Weilheim e.V. bei der allj\u00e4hrlichen Ehrung erfolgreicher Sportler sowohl des Landkreises, als auch der Stadt Weilheim dabei sind. So auch in diesem Jahr! <!--more--><\/p>\n<p>Am Freitag, den 16 M\u00e4rz 2018 fand nun die Sportlerehrung des Landkreises Weilheim-Schongau bzw. des damit identischen Sportkreises 16 des Bayerischen Landessportverbandes e.V. (BLSV) statt. Sowohl der Vorsitzende des BLSV-Kreises, Franz Schlesinger, als auch unsere Landr\u00e4tin Andrea Jochner-Wei\u00df machen mit Ihren Orga-Teams diesen Anla\u00df immer zu einem wirklichen \u201eEreignis\u201c f\u00fcr die teilnehmenden Sportler. Eine tolle Organisation mit Musik, Getr\u00e4nken, netten H\u00e4ppchen zum Essen, vorbereiteten Videos von den guten Leistungen sowie nat\u00fcrlich auch die Anwesenheit sportlicher und politischer Prominenz geben davon ein beredtes Zeugnis.<\/p>\n<p>Und auch in diesem Jahr waren zwei Paare der TSA hierzu eingeladen: Christian und Tanja Dick erhielten den Bronzepreis der Landr\u00e4tin aus den H\u00e4nden des stellvertretenden Landrats Karl-Heinz Grehl (die Landr\u00e4tin war dieses Jahr ausnahmsweise terminlich anderweitig gebunden und lie\u00df sich entschuldigen) f\u00fcr Ihren 2. Platz bei der Bayerischen Meisterschaft der Senioren II in Ihrer Leistungsklasse C in den Standardt\u00e4nzen. Sie erreichten diesen Vizemeistertitel im M\u00e4rz 2017 in Unterschlei\u00dfheim, verbunden war mit dem vorzeitigen Aufstieg in die n\u00e4chsth\u00f6here Klasse B.<\/p>\n<p>Ebenfalls mit dem Bronzepreis geehrt wurden Thomas Koterba und seine damalige Partnerin Karin Wagner. Auch sie erreichten im M\u00e4rz 2017 bei den Landesmeisterschaften in Unterschlei\u00dfheim in ihrer Leistungsklasse A-Standard der Altersklasse Senioren III den 2. Platz, den Vizemeistertitel und den vorzeitigen Aufstieg in die h\u00f6chste Klasse im deutschen Amateurtanzsport, die Sonderklasse S.<\/p>\n<p><a href=\"https:\/\/tanzen-weilheim.de\/cms\/wp-content\/uploads\/2018\/03\/Sportlerehrung-Landkreis.jpg\"><img loading=\"lazy\" decoding=\"async\" class=\"alignnone size-medium wp-image-10261\" alt=\"Sportlerehrung Landkreis\" src=\"https:\/\/tanzen-weilheim.de\/cms\/wp-content\/uploads\/2018\/03\/Sportlerehrung-Landkreis-300x225.jpg\" width=\"300\" height=\"225\" srcset=\"https:\/\/tanzen-weilheim.de\/cms\/wp-content\/uploads\/2018\/03\/Sportlerehrung-Landkreis-300x225.jpg 300w, https:\/\/tanzen-weilheim.de\/cms\/wp-content\/uploads\/2018\/03\/Sportlerehrung-Landkreis-960x720.jpg 960w, https:\/\/tanzen-weilheim.de\/cms\/wp-content\/uploads\/2018\/03\/Sportlerehrung-Landkreis-1920x1440.jpg 1920w, https:\/\/tanzen-weilheim.de\/cms\/wp-content\/uploads\/2018\/03\/Sportlerehrung-Landkreis-768x576.jpg 768w, https:\/\/tanzen-weilheim.de\/cms\/wp-content\/uploads\/2018\/03\/Sportlerehrung-Landkreis-400x300.jpg 400w, https:\/\/tanzen-weilheim.de\/cms\/wp-content\/uploads\/2018\/03\/Sportlerehrung-Landkreis-800x600.jpg 800w, https:\/\/tanzen-weilheim.de\/cms\/wp-content\/uploads\/2018\/03\/Sportlerehrung-Landkreis-1024x768.jpg 1024w\" sizes=\"auto, (max-width: 300px) 100vw, 300px\" \/><\/a><\/p>\n<p>Die Abteilung gratuliert beiden Paaren herzlich zu den verdienten Auszeichnungen!<\/p>\n<p>26.03.2018\/tk<\/p>\n","protected":false},"excerpt":{"rendered":"<p>Weilheim. Seit einigen Jahren nun ist es schon fast \u201e\u00fcblich\u201c, da\u00df Paare der Tanzsportabteilung (TSA) des TSV 1847 Weilheim e.V. bei der allj\u00e4hrlichen Ehrung erfolgreicher Sportler sowohl des Landkreises, als auch der Stadt Weilheim dabei sind. So auch in diesem Jahr!<\/p>\n","protected":false},"author":17,"featured_media":12023,"comment_status":"open","ping_status":"open","sticky":false,"template":"","format":"standard","meta":{"_jetpack_memberships_contains_paid_content":false,"footnotes":""},"categories":[1],"tags":[],"class_list":["post-10260","post","type-post","status-publish","format-standard","has-post-thumbnail","hentry","category-allgemein"],"jetpack_featured_media_url":"https:\/\/tanzen-weilheim.de\/cms\/wp-content\/uploads\/2018\/03\/Sportlerehrung-Landkreis-400x300-1.jpg","jetpack_sharing_enabled":true,"_links":{"self":[{"href":"https:\/\/tanzen-weilheim.de\/cms\/wp-json\/wp\/v2\/posts\/10260","targetHints":{"allow":["GET"]}}],"collection":[{"href":"https:\/\/tanzen-weilheim.de\/cms\/wp-json\/wp\/v2\/posts"}],"about":[{"href":"https:\/\/tanzen-weilheim.de\/cms\/wp-json\/wp\/v2\/types\/post"}],"author":[{"embeddable":true,"href":"https:\/\/tanzen-weilheim.de\/cms\/wp-json\/wp\/v2\/users\/17"}],"replies":[{"embeddable":true,"href":"https:\/\/tanzen-weilheim.de\/cms\/wp-json\/wp\/v2\/comments?post=10260"}],"version-history":[{"count":4,"href":"https:\/\/tanzen-weilheim.de\/cms\/wp-json\/wp\/v2\/posts\/10260\/revisions"}],"predecessor-version":[{"id":12024,"href":"https:\/\/tanzen-weilheim.de\/cms\/wp-json\/wp\/v2\/posts\/10260\/revisions\/12024"}],"wp:featuredmedia":[{"embeddable":true,"href":"https:\/\/tanzen-weilheim.de\/cms\/wp-json\/wp\/v2\/media\/12023"}],"wp:attachment":[{"href":"https:\/\/tanzen-weilheim.de\/cms\/wp-json\/wp\/v2\/media?parent=10260"}],"wp:term":[{"taxonomy":"category","embeddable":true,"href":"https:\/\/tanzen-weilheim.de\/cms\/wp-json\/wp\/v2\/categories?post=10260"},{"taxonomy":"post_tag","embeddable":true,"href":"https:\/\/tanzen-weilheim.de\/cms\/wp-json\/wp\/v2\/tags?post=10260"}],"curies":[{"name":"wp","href":"https:\/\/api.w.org\/{rel}","templated":true}]}}