{"id":10229,"date":"2018-03-18T22:05:49","date_gmt":"2018-03-18T20:05:49","guid":{"rendered":"http:\/\/tanzen-weilheim.de\/cms\/?p=10229"},"modified":"2018-03-20T18:34:43","modified_gmt":"2018-03-20T16:34:43","slug":"erfolge-fur-unsere-breitensportpaare-zweimal-trepperl-fur-bauerkaps","status":"publish","type":"post","link":"https:\/\/tanzen-weilheim.de\/cms\/10229\/erfolge-fur-unsere-breitensportpaare-zweimal-trepperl-fur-bauerkaps","title":{"rendered":"Erfolge f\u00fcr unsere Breitensportpaare: Zweimal Trepperl f\u00fcr Bauer\/Kaps"},"content":{"rendered":"<p><b>Weilheim \/ Ingolstadt<\/b>. Waren es Anfang M\u00e4rz noch die Leistungssportpaare, die f\u00fcr die Tanzsportabteilung des TSV 1847 Weilheim e.V. (TSA) Erfolge erzielen konnten, so sind es nun Mitte M\u00e4rz unsere Breitensportpaare, die f\u00fcr Furore sorgen. <!--more--><\/p>\n<p>Seit Jahren schon f\u00fchrt der Landestanzsportverband Bayern e.V. (LTVB) die sogenannte KaTTaM-Turnierserie f\u00fcr die vielen Breitensportpaare in Bayern durch, die gerne irgendwann mal in den Leistungssport kommen wollen, aber vorher auch schon mal ohne den Stre\u00df des Leistungssports Turniere austanzen m\u00f6chten. KaTTaM ist hier eine \u2013 zugegebenerma\u00dfen bisserl sperrige \u2013 Abk\u00fcrzung f\u00fcr \u201e<b>K<\/b>ids <b>a<\/b>nd <b>T<\/b>eens, <b>T<\/b>wens <b>a<\/b>nd <b>M<\/b>ore\u201c und bezeichnet die vier Altersklassen dieser Turnierserie. Das erste von drei Turnieren dieser Serie in 2018 fand nun bei der Tanzsportabteilung des ESV Ingolstadt statt.<\/p>\n<p>Aus Weilheim haben sich dazu gleich zwei Paare angemeldet, in der Altersgruppe \u201eMore\u201c G\u00fcnter und Gerlinde Zoubek und bei den Teens Melanie Bauer und Clara Kaps, die in Ermangelung m\u00e4nnlicher Partner als M\u00e4delspaar hier an den Start gingen, was durch die Turnierregeln dieser Serie gottseidank v\u00f6llig problemlos geht.<\/p>\n<p>G\u00fcnter und Gerlinde Zoubek haderten diesmal ein bisserl mit ihrer grippebedingt nicht optimalen Vorbereitung und schafften es nicht ganz in die Endrunde.\u00a0 Aufgrund ihrer bisherigen Ergebnisse d\u00fcrfte das aber eine Ausnahme sein und so trainieren die Beiden jetzt voller Elan f\u00fcr die n\u00e4chsten Turniere der Serie.<\/p>\n<p><a href=\"https:\/\/tanzen-weilheim.de\/cms\/wp-content\/uploads\/2018\/03\/Zoubek-02a.jpg\"><img loading=\"lazy\" decoding=\"async\" class=\"alignnone size-medium wp-image-10230\" alt=\"Zoubek 02a\" src=\"https:\/\/tanzen-weilheim.de\/cms\/wp-content\/uploads\/2018\/03\/Zoubek-02a-199x300.jpg\" width=\"199\" height=\"300\" \/><\/a><\/p>\n<p>Bei Melanie Bauer und Clara Kaps lief es dagegen so richtig gut, sie tanzten sich in allen T\u00e4nzen in die Finals vor und erreichten insgesamt den hervorragenden 3. Platz. In den Standardt\u00e4nzen waren sie sogar ausnahmslos auf Platz 1. zu finden. Dementsprechend waren die Beiden nat\u00fcrlich sehr zufrieden. Vorerst\u2026 Denn es ging ja noch weiter\u2026 Da in der Altersklasse der Twens ein bisserl wenig Paare gemeldet waren, wurden Melanie und Clara gefragt, ob sie nicht aus sportlicher Fairne\u00df auch da noch mittanzen wollen w\u00fcrden. Das taten sie \u2013 und wie! Sie tanzten sich nochmals auf das Trepperl und erreichten hier sogar den 2. Platz!<\/p>\n<p><a href=\"https:\/\/tanzen-weilheim.de\/cms\/wp-content\/uploads\/2018\/03\/Bauer-Kaps-01a.jpg\"><img loading=\"lazy\" decoding=\"async\" class=\"alignnone size-medium wp-image-10231\" alt=\"Bauer-Kaps 01a\" src=\"https:\/\/tanzen-weilheim.de\/cms\/wp-content\/uploads\/2018\/03\/Bauer-Kaps-01a-199x300.jpg\" width=\"199\" height=\"300\" \/><a href=\"https:\/\/tanzen-weilheim.de\/cms\/wp-content\/uploads\/2018\/03\/2018-03-17-Siegerehrung-KaTTam-Teens.jpg\"><img loading=\"lazy\" decoding=\"async\" class=\"alignnone size-medium wp-image-10251\" alt=\"2018-03-17-Siegerehrung-KaTTam-Teens\" src=\"https:\/\/tanzen-weilheim.de\/cms\/wp-content\/uploads\/2018\/03\/2018-03-17-Siegerehrung-KaTTam-Teens-300x225.jpg\" width=\"300\" height=\"225\" srcset=\"https:\/\/tanzen-weilheim.de\/cms\/wp-content\/uploads\/2018\/03\/2018-03-17-Siegerehrung-KaTTam-Teens-300x225.jpg 300w, https:\/\/tanzen-weilheim.de\/cms\/wp-content\/uploads\/2018\/03\/2018-03-17-Siegerehrung-KaTTam-Teens.jpg 960w, https:\/\/tanzen-weilheim.de\/cms\/wp-content\/uploads\/2018\/03\/2018-03-17-Siegerehrung-KaTTam-Teens-768x576.jpg 768w, https:\/\/tanzen-weilheim.de\/cms\/wp-content\/uploads\/2018\/03\/2018-03-17-Siegerehrung-KaTTam-Teens-400x300.jpg 400w, https:\/\/tanzen-weilheim.de\/cms\/wp-content\/uploads\/2018\/03\/2018-03-17-Siegerehrung-KaTTam-Teens-800x600.jpg 800w\" sizes=\"auto, (max-width: 300px) 100vw, 300px\" \/><\/a> <a href=\"https:\/\/tanzen-weilheim.de\/cms\/wp-content\/uploads\/2018\/03\/2018-03-17-Siegerehrung-KaTTam-Twens.jpg\"><img loading=\"lazy\" decoding=\"async\" class=\"alignnone size-medium wp-image-10252\" alt=\"2018-03-17-Siegerehrung-KaTTam-Twens\" src=\"https:\/\/tanzen-weilheim.de\/cms\/wp-content\/uploads\/2018\/03\/2018-03-17-Siegerehrung-KaTTam-Twens-300x232.jpg\" width=\"300\" height=\"232\" \/><\/a><\/a><\/p>\n<p>Leider darf ein M\u00e4delspaar im \u201enormalen\u201c Tanzsport so nicht an den Start gehen, also hoffen wir alle, da\u00df die Beiden hier baldm\u00f6glichst passende tanzbegeisterte Jungs finden. Und wenn das nicht klappt, vielleicht w\u00e4chst unserer TSA dann hier das erste sog. \u201eEquality-Paar\u201c heran (Equality = Leistungssportwettbewerbe des DTV f\u00fcr gleichgeschlechtliche Paare&#8230; der Tanzsport in Deutschland hat viele Facetten&#8230;), und dann gleich so ein gutes!<\/p>\n<p>Auf jeden Fall freuen sich die beiden Paare und auch noch weitere Paare der TSA auf die beiden weiteren Turnier der Serie am 15.04.2018 in Unterschlei\u00dfheim und dann am 09.06.2018 in Schwabach das Finale der Serie.<\/p>\n<p>Beiden Paaren herzliche Gratulation zu den gezeigten Leistungen und Ergebnissen!<\/p>\n<p>&nbsp;<\/p>\n<p>18.03.2018\/tk<\/p>\n<p><span style=\"text-decoration: underline;\">Fotonachweis:<\/span><\/p>\n<p>Alle Fotos:\u00a0\u00a0\u00a0\u00a0\u00a0\u00a0\u00a0\u00a0\u00a0\u00a0\u00a0\u00a0\u00a0\u00a0\u00a0\u00a0\u00a0\u00a0\u00a0\u00a0\u00a0\u00a0\u00a0\u00a0\u00a0\u00a0\u00a0 \u00a9 blitznicht.de<\/p>\n","protected":false},"excerpt":{"rendered":"<p>Weilheim \/ Ingolstadt. Waren es Anfang M\u00e4rz noch die Leistungssportpaare, die f\u00fcr die Tanzsportabteilung des TSV 1847 Weilheim e.V. (TSA) Erfolge erzielen konnten, so sind es nun Mitte M\u00e4rz unsere Breitensportpaare, die f\u00fcr Furore sorgen.<\/p>\n","protected":false},"author":17,"featured_media":0,"comment_status":"open","ping_status":"open","sticky":false,"template":"","format":"standard","meta":{"_jetpack_memberships_contains_paid_content":false,"footnotes":""},"categories":[1],"tags":[],"class_list":["post-10229","post","type-post","status-publish","format-standard","hentry","category-allgemein"],"jetpack_featured_media_url":"","jetpack_sharing_enabled":true,"_links":{"self":[{"href":"https:\/\/tanzen-weilheim.de\/cms\/wp-json\/wp\/v2\/posts\/10229","targetHints":{"allow":["GET"]}}],"collection":[{"href":"https:\/\/tanzen-weilheim.de\/cms\/wp-json\/wp\/v2\/posts"}],"about":[{"href":"https:\/\/tanzen-weilheim.de\/cms\/wp-json\/wp\/v2\/types\/post"}],"author":[{"embeddable":true,"href":"https:\/\/tanzen-weilheim.de\/cms\/wp-json\/wp\/v2\/users\/17"}],"replies":[{"embeddable":true,"href":"https:\/\/tanzen-weilheim.de\/cms\/wp-json\/wp\/v2\/comments?post=10229"}],"version-history":[{"count":5,"href":"https:\/\/tanzen-weilheim.de\/cms\/wp-json\/wp\/v2\/posts\/10229\/revisions"}],"predecessor-version":[{"id":10233,"href":"https:\/\/tanzen-weilheim.de\/cms\/wp-json\/wp\/v2\/posts\/10229\/revisions\/10233"}],"wp:attachment":[{"href":"https:\/\/tanzen-weilheim.de\/cms\/wp-json\/wp\/v2\/media?parent=10229"}],"wp:term":[{"taxonomy":"category","embeddable":true,"href":"https:\/\/tanzen-weilheim.de\/cms\/wp-json\/wp\/v2\/categories?post=10229"},{"taxonomy":"post_tag","embeddable":true,"href":"https:\/\/tanzen-weilheim.de\/cms\/wp-json\/wp\/v2\/tags?post=10229"}],"curies":[{"name":"wp","href":"https:\/\/api.w.org\/{rel}","templated":true}]}}