{"id":10223,"date":"2018-03-11T07:55:28","date_gmt":"2018-03-11T05:55:28","guid":{"rendered":"http:\/\/tanzen-weilheim.de\/cms\/?p=10223"},"modified":"2018-03-18T21:55:42","modified_gmt":"2018-03-18T19:55:42","slug":"zwei-tage-tango-intensive-workshop-mit-manfred-kober","status":"publish","type":"post","link":"https:\/\/tanzen-weilheim.de\/cms\/10223\/zwei-tage-tango-intensive-workshop-mit-manfred-kober","title":{"rendered":"Zwei Tage Tango-Intensive-Workshop mit Manfred Kober"},"content":{"rendered":"<p><b>Weilheim<\/b>. Aufgrund der sehr starken Nachfrage konnten wir nach Manfred\u00b4s Workshop im Januar nun auch gleich im M\u00e4rz die Fortsetzung durchf\u00fchren \u2013 auch wieder stark von den Paaren frequentiert.<\/p>\n<p>Unser inzwischen schon zum festen Trainerteam geh\u00f6rende Workshoptrainer Manfred Kober gab sich die Ehre und bot, von gut gebuchten Privatstunden umrahmt, unseren Standardpaaren einen tollen Workshop.<\/p>\n<p>Als Thema hatte der Manfred den Tango mitgebracht, den im Vergleich zu den anderen vier Standardt\u00e4nzen einzigen Schreittanz. Hier stellte er uns zun\u00e4chst eine kurze, aber interessante \u00dcbungsfolge vor, anhand derer er uns sehr detailliert und intensiv viele Facetten des Tangos n\u00e4herbrachte. Er ging nat\u00fcrlich auf die korrekten Schrittsetzungen und die Fu\u00dftechnik ein, beleuchtete die Seitenf\u00fchrungen und verga\u00df auch nicht, f\u00fcr die h\u00f6heren Klassen diverse Shape-M\u00f6glichkeiten zu erl\u00e4utern. Ganz wichtig war es ihm dabei, die unterschiedlichen Drehrichtungen der einzelnen Folgenteile zu erkl\u00e4ren und sich die daraus f\u00fcr ein sch\u00f6nes Tanzen ergebenden Konsequenzen mit uns zu \u00fcben.<\/p>\n<p><a href=\"https:\/\/tanzen-weilheim.de\/cms\/wp-content\/uploads\/2018\/03\/Kober-Workshop-2018-03-a.jpg\"><img loading=\"lazy\" decoding=\"async\" class=\"alignnone size-medium wp-image-10224\" alt=\"Kober-Workshop 2018-03 a\" src=\"https:\/\/tanzen-weilheim.de\/cms\/wp-content\/uploads\/2018\/03\/Kober-Workshop-2018-03-a-300x146.jpg\" width=\"331\" height=\"161\" srcset=\"https:\/\/tanzen-weilheim.de\/cms\/wp-content\/uploads\/2018\/03\/Kober-Workshop-2018-03-a-300x146.jpg 300w, https:\/\/tanzen-weilheim.de\/cms\/wp-content\/uploads\/2018\/03\/Kober-Workshop-2018-03-a-960x469.jpg 960w, https:\/\/tanzen-weilheim.de\/cms\/wp-content\/uploads\/2018\/03\/Kober-Workshop-2018-03-a-1920x937.jpg 1920w, https:\/\/tanzen-weilheim.de\/cms\/wp-content\/uploads\/2018\/03\/Kober-Workshop-2018-03-a-768x375.jpg 768w, https:\/\/tanzen-weilheim.de\/cms\/wp-content\/uploads\/2018\/03\/Kober-Workshop-2018-03-a-1024x500.jpg 1024w, https:\/\/tanzen-weilheim.de\/cms\/wp-content\/uploads\/2018\/03\/Kober-Workshop-2018-03-a-400x195.jpg 400w, https:\/\/tanzen-weilheim.de\/cms\/wp-content\/uploads\/2018\/03\/Kober-Workshop-2018-03-a-800x391.jpg 800w\" sizes=\"auto, (max-width: 331px) 100vw, 331px\" \/><\/a> <a href=\"https:\/\/tanzen-weilheim.de\/cms\/wp-content\/uploads\/2018\/03\/Kober-Workshop-2018-03-c.jpg\"><img loading=\"lazy\" decoding=\"async\" class=\"alignnone size-medium wp-image-10225\" alt=\"Kober-Workshop 2018-03 c\" src=\"https:\/\/tanzen-weilheim.de\/cms\/wp-content\/uploads\/2018\/03\/Kober-Workshop-2018-03-c-300x203.jpg\" width=\"235\" height=\"159\" \/><\/a><\/p>\n<p>Auch am Samstag ging\u00b4s dann mit dem Tango haupts\u00e4chlich weiter, allerdings machte der Manfred hier auch einen kurzen Abstecher in den Slowfox, um entsprechende Parallelit\u00e4ten gleich auch dort praktisch zu erkl\u00e4ren und umzusetzen. Er erg\u00e4nze die \u00dcbungsfolge vom Freitag noch um Fallaway und Telemark, was dann f\u00fcr die Breitensportpaare schon eine gewisse Herausforderung war, aber am Schlu\u00df kannte und konnten alle Paare diese \u00dcbungsfolge und k\u00f6nnen diese vor allem in der n\u00e4chsten Zeit nutzen, um die vielen Hinweise vom Manfred nachzuarbeiten.<\/p>\n<p>Am Freitagabend nach Workshop-Ende sa\u00dfen die meisten (inkl. Manni!) noch gem\u00fctlich beim Pizzaessen beim \u201eFerrara\u201c zusammen und hatten noch so richtig viel Spa\u00df! Als wir am Samstagabend den Manfred Kober auf die Heimfahrt verabschiedeten, waren wir alle zwar k\u00f6rperlich m\u00fcde und ausgelaugt, aber wir hatten samt und sonders alle sehr viel neuen Input f\u00fcrs Training bekommen. Und es hat wieder mal Riesenspa\u00df gemacht! Und auch am Samstag kam hinterher bei Pizza und Pasta wieder viel Spa\u00df und gute Unterhaltung auf.<\/p>\n<p><a href=\"https:\/\/tanzen-weilheim.de\/cms\/wp-content\/uploads\/2018\/03\/Kober-Workshop-2018-03-b.jpg\"><img loading=\"lazy\" decoding=\"async\" class=\"alignnone size-medium wp-image-10226\" alt=\"Kober-Workshop 2018-03 b\" src=\"https:\/\/tanzen-weilheim.de\/cms\/wp-content\/uploads\/2018\/03\/Kober-Workshop-2018-03-b-300x225.jpg\" width=\"300\" height=\"225\" srcset=\"https:\/\/tanzen-weilheim.de\/cms\/wp-content\/uploads\/2018\/03\/Kober-Workshop-2018-03-b-300x225.jpg 300w, https:\/\/tanzen-weilheim.de\/cms\/wp-content\/uploads\/2018\/03\/Kober-Workshop-2018-03-b-960x720.jpg 960w, https:\/\/tanzen-weilheim.de\/cms\/wp-content\/uploads\/2018\/03\/Kober-Workshop-2018-03-b-1920x1440.jpg 1920w, https:\/\/tanzen-weilheim.de\/cms\/wp-content\/uploads\/2018\/03\/Kober-Workshop-2018-03-b-768x576.jpg 768w, https:\/\/tanzen-weilheim.de\/cms\/wp-content\/uploads\/2018\/03\/Kober-Workshop-2018-03-b-400x300.jpg 400w, https:\/\/tanzen-weilheim.de\/cms\/wp-content\/uploads\/2018\/03\/Kober-Workshop-2018-03-b-800x600.jpg 800w, https:\/\/tanzen-weilheim.de\/cms\/wp-content\/uploads\/2018\/03\/Kober-Workshop-2018-03-b-1024x768.jpg 1024w\" sizes=\"auto, (max-width: 300px) 100vw, 300px\" \/><\/a><\/p>\n<p>10.03.2018\/tk<\/p>\n<p>&nbsp;<\/p>\n<p>&nbsp;<\/p>\n","protected":false},"excerpt":{"rendered":"<p>Weilheim. Aufgrund der sehr starken Nachfrage konnten wir nach Manfred\u00b4s Workshop im Januar nun auch gleich im M\u00e4rz die Fortsetzung durchf\u00fchren \u2013 auch wieder stark von den Paaren frequentiert. Unser inzwischen schon zum festen Trainerteam geh\u00f6rende Workshoptrainer Manfred Kober gab sich die Ehre und bot, von gut gebuchten Privatstunden umrahmt, unseren Standardpaaren einen tollen Workshop. [&hellip;]<\/p>\n","protected":false},"author":17,"featured_media":0,"comment_status":"open","ping_status":"open","sticky":false,"template":"","format":"standard","meta":{"_jetpack_memberships_contains_paid_content":false,"footnotes":""},"categories":[1],"tags":[],"class_list":["post-10223","post","type-post","status-publish","format-standard","hentry","category-allgemein"],"jetpack_featured_media_url":"","jetpack_sharing_enabled":true,"_links":{"self":[{"href":"https:\/\/tanzen-weilheim.de\/cms\/wp-json\/wp\/v2\/posts\/10223","targetHints":{"allow":["GET"]}}],"collection":[{"href":"https:\/\/tanzen-weilheim.de\/cms\/wp-json\/wp\/v2\/posts"}],"about":[{"href":"https:\/\/tanzen-weilheim.de\/cms\/wp-json\/wp\/v2\/types\/post"}],"author":[{"embeddable":true,"href":"https:\/\/tanzen-weilheim.de\/cms\/wp-json\/wp\/v2\/users\/17"}],"replies":[{"embeddable":true,"href":"https:\/\/tanzen-weilheim.de\/cms\/wp-json\/wp\/v2\/comments?post=10223"}],"version-history":[{"count":3,"href":"https:\/\/tanzen-weilheim.de\/cms\/wp-json\/wp\/v2\/posts\/10223\/revisions"}],"predecessor-version":[{"id":10307,"href":"https:\/\/tanzen-weilheim.de\/cms\/wp-json\/wp\/v2\/posts\/10223\/revisions\/10307"}],"wp:attachment":[{"href":"https:\/\/tanzen-weilheim.de\/cms\/wp-json\/wp\/v2\/media?parent=10223"}],"wp:term":[{"taxonomy":"category","embeddable":true,"href":"https:\/\/tanzen-weilheim.de\/cms\/wp-json\/wp\/v2\/categories?post=10223"},{"taxonomy":"post_tag","embeddable":true,"href":"https:\/\/tanzen-weilheim.de\/cms\/wp-json\/wp\/v2\/tags?post=10223"}],"curies":[{"name":"wp","href":"https:\/\/api.w.org\/{rel}","templated":true}]}}