{"id":10106,"date":"2018-03-05T22:07:28","date_gmt":"2018-03-05T20:07:28","guid":{"rendered":"http:\/\/tanzen-weilheim.de\/cms\/?p=10106"},"modified":"2018-12-11T16:30:40","modified_gmt":"2018-12-11T15:30:40","slug":"traumhafte-ergebnisse-fur-die-weilheimer-paare-bei-den-landesmeisterschaften-standard-der-senioren-ii-iii-und-iv","status":"publish","type":"post","link":"https:\/\/tanzen-weilheim.de\/cms\/10106\/traumhafte-ergebnisse-fur-die-weilheimer-paare-bei-den-landesmeisterschaften-standard-der-senioren-ii-iii-und-iv","title":{"rendered":"Traumhafte Ergebnisse f\u00fcr die Weilheimer Paare bei den Landesmeisterschaften Standard der Senioren II, III und IV"},"content":{"rendered":"<p><b>Weilheim\/K\u00f6nigsbrunn<\/b>.&nbsp; Am Samstag und Sonntag, 03. und 04. M\u00e4rz 2018 stand f\u00fcr viele Paare der Tanzsportabteilung des TSV 1847 Weilheim e.V. (TSA) der Saisonh\u00f6hepunkt auf dem Programm, n\u00e4mlich die Landesmeisterschaften in den Standardt\u00e4nzen der Senioren III; samstags in der Weilheimer Stadthalle und sonntags f\u00fcr die Senioren II und IV in K\u00f6nigsbrunn.<\/p>\n<p><!--more-->Wie seit 20 Jahren fast jedes Jahr schenkte der Landestanzsportverband Bayern (LTVB) der TSA das Vertrauen, wieder eine Bayerische Meisterschaft auszurichten. Diesmal war es die Meisterschaft in der Altersgruppe der Senioren III (ein Partner \u00fcber 50, der zweite \u00fcber 55 Jahre) in den Leistungsklassen D bis S, jeweils in den Standardt\u00e4nzen (Langsamer Walzer, Tango, Wiener Walzer, Slow Foxtrott und Quickstep). Es hatten sich in den f\u00fcnf Klassen insgesamt knapp 90 Paare aus ganz Bayern angemeldet. Schon vormittags ging es los mit der D-Klasse, in der auch ein Paar aus Weilheim, Berthold und Valinja Bauer, am Start war. Die Beiden hatten sich zwar in den letzten Wochen erkennbar sehr gut vorbereitet, aber da\u00df es so gut laufen w\u00fcrde, das h\u00e4tten sie sich nicht erwartet. Schon in der Vorrunde erhielten sie von den f\u00fcnf Wertungsrichtern (von denen aus Neutralit\u00e4tsgr\u00fcnden drei aus au\u00dferbayerischen Landestanzsportverb\u00e4nden kamen) in allen T\u00e4nzen die volle Anzahl an Wertungen, so da\u00df Berthold und Valinja h\u00f6chst souver\u00e4n das Finale der besten sieben Paare erreichten. Auch hier tanzten sie wirklich richtig gut und wurden daf\u00fcr mit dem zweiten Platz, der Silbermedaille und dem Titel des Bayer. Vizemeisters 2018 belohnt! Und damit noch nicht genug, sie stiegen gem\u00e4\u00df Beschlu\u00df des LTVB vorzeitig in die n\u00e4chsth\u00f6here Klasse auf. Bayerischer Meister der D-Klasse wurden (und das war eine knappe Entscheidung!) Kurt und Gabriele Hufnagel aus Puchheim.<\/p>\n<p><a href=\"https:\/\/tanzen-weilheim.de\/cms\/wp-content\/uploads\/2018\/03\/Siegerehrung-Sen-III-D.jpg\"><img loading=\"lazy\" decoding=\"async\" class=\"alignnone size-medium wp-image-10107\" alt=\"Siegerehrung Sen III D\" src=\"https:\/\/tanzen-weilheim.de\/cms\/wp-content\/uploads\/2018\/03\/Siegerehrung-Sen-III-D-300x172.jpg\" width=\"451\" height=\"257\"><\/a> <a href=\"https:\/\/tanzen-weilheim.de\/cms\/wp-content\/uploads\/2018\/03\/Bauer-10.jpg\"><img loading=\"lazy\" decoding=\"async\" class=\"alignnone size-medium wp-image-10108\" alt=\"Bauer 10\" src=\"https:\/\/tanzen-weilheim.de\/cms\/wp-content\/uploads\/2018\/03\/Bauer-10-199x300.jpg\" width=\"171\" height=\"258\"><\/a><\/p>\n<p>Frisch aufgestiegen tanzten Berthold und Valinja Bauer nat\u00fcrlich dann auch gleich in der C-Klasse mit. Die in der D-Klasse mit den beiden auch aufgestiegenen Paare auf den Pl\u00e4tzen 1 und 3 erreichten das Finale der C-Klasse nicht, Berthold und Valinja dagegen legten t\u00e4nzerisch sogar noch zu, schafften es in das Finale der C-Klasse und belegten hier in ihrem zweiten Finale einen hervorragenden 6. Platz. Der Sieg in dieser Klasse ging sehr klar an Gerhard L\u00f6dermann und Dr. Anne Frey aus Unterhaching.<\/p>\n<p><a href=\"https:\/\/tanzen-weilheim.de\/cms\/wp-content\/uploads\/2018\/03\/Siegerehrung-Sen-III-C.jpg\"><img loading=\"lazy\" decoding=\"async\" class=\"alignnone size-medium wp-image-10109\" alt=\"Siegerehrung Sen III C\" src=\"https:\/\/tanzen-weilheim.de\/cms\/wp-content\/uploads\/2018\/03\/Siegerehrung-Sen-III-C-300x202.jpg\" width=\"300\" height=\"202\"><\/a><\/p>\n<p>Auch in der B-Klasse gingen Paare aus Weilheim an den Start. Peter und Birgit Handel nahmen dieses Turnier als Vorbereitung f\u00fcr Ihre am Tag darauf stattfindende Meisterschaft der Altersklasse Senioren IV und waren daher nicht entt\u00e4uscht, da\u00df es f\u00fcr sie gegen die deutlich j\u00fcngere Sen-III-Konkurrenz bei der Vorrunde blieb; tags darauf machten sie es dann besser, aber dazu weiter unten mehr. Siegfried Schuster-Ambs und Renate Ambs erreichten das Halbfinale und verpa\u00dften als 7. nur hauchd\u00fcnn das Finale der besten sechs Paare. In dieses Finale tanzten sich durch wirklich gute Leistungen in Vor- und Zwischenrunde Dr. Michael und Monika Marschall. Sie lie\u00dfen auch im Finale nicht nach und erreichten f\u00fcr sich und die TSA die zweite Trepperl-Platzierung und die zweite Medaille des Tages mit ihrem souver\u00e4nen 3. Platz und der Bronzemedaille. Und auch sie stiegen gem\u00e4\u00df Beschlu\u00df des LTVB damit auf in die zweith\u00f6chste Klasse im deutschen Amateurtanzsport, in die A-Klasse. Sieger der B-Meisterschaft wurden Gerhard und Marion Funk aus K\u00f6nigsbrunn.<\/p>\n<p><a href=\"https:\/\/tanzen-weilheim.de\/cms\/wp-content\/uploads\/2018\/03\/Siegerehrung-Sen-III-B.jpg\"><img loading=\"lazy\" decoding=\"async\" class=\"alignnone size-medium wp-image-10110\" alt=\"Siegerehrung Sen III B\" src=\"https:\/\/tanzen-weilheim.de\/cms\/wp-content\/uploads\/2018\/03\/Siegerehrung-Sen-III-B-300x200.jpg\" width=\"381\" height=\"254\"><\/a> <a href=\"https:\/\/tanzen-weilheim.de\/cms\/wp-content\/uploads\/2018\/03\/Ambs-02.jpg\"><img loading=\"lazy\" decoding=\"async\" class=\"alignnone size-medium wp-image-10111\" alt=\"Ambs 02\" src=\"https:\/\/tanzen-weilheim.de\/cms\/wp-content\/uploads\/2018\/03\/Ambs-02-199x300.jpg\" width=\"168\" height=\"254\"><\/a> <a href=\"https:\/\/tanzen-weilheim.de\/cms\/wp-content\/uploads\/2018\/03\/Handel-05.jpg\"><img loading=\"lazy\" decoding=\"async\" class=\"alignnone size-medium wp-image-10112\" alt=\"Handel 05\" src=\"https:\/\/tanzen-weilheim.de\/cms\/wp-content\/uploads\/2018\/03\/Handel-05-199x300.jpg\" width=\"167\" height=\"252\"><\/a> <a href=\"https:\/\/tanzen-weilheim.de\/cms\/wp-content\/uploads\/2018\/03\/Marschall-17.jpg\"><img loading=\"lazy\" decoding=\"async\" class=\"alignnone size-medium wp-image-10113\" alt=\"Marschall 17\" src=\"https:\/\/tanzen-weilheim.de\/cms\/wp-content\/uploads\/2018\/03\/Marschall-17-199x300.jpg\" width=\"167\" height=\"252\"><\/a><\/p>\n<p>Auch Michael und Monika, frisch aufgestiegen, versuchten sich gleich in ihrer neuen Klasse und verpa\u00dften mit dem 13. Platz von 23 gestarteten Paaren nur knapp das Halbfinale. Trotzdem waren beide nat\u00fcrlich \u00fcbergl\u00fccklich! Das Finale der A-Klasse gestaltete sich dann extrem spannend, Sieger wurden hier mit dem knappst denkbaren Abstand Johannes und Doris Retzer aus Regensburg.<\/p>\n<p><a href=\"https:\/\/tanzen-weilheim.de\/cms\/wp-content\/uploads\/2018\/03\/Siegerehrung-Sen-III-A.jpg\"><img loading=\"lazy\" decoding=\"async\" class=\"alignnone size-medium wp-image-10114\" alt=\"Siegerehrung Sen III A\" src=\"https:\/\/tanzen-weilheim.de\/cms\/wp-content\/uploads\/2018\/03\/Siegerehrung-Sen-III-A-300x200.jpg\" width=\"300\" height=\"200\"><\/a><\/p>\n<p>Es war schon \u00fcber die Mitte des Nachmittags, als Sibille Vinzens, die als Turnierleiterin s\u00e4mtliche Meisterschaften des Tages mit \u00fcberragender Eloquenz und einen wunderbaren Charme ganz im Sinne der Sportler gestaltete, die h\u00f6chste Klasse, die Sonderklasse S zur Vorrunde bat. Hier gingen sage und schreibe 35 Paare aus ganz Bayern an den Start, so da\u00df das Erreichen des Viertelfinales an sich schon ein Erfolg ist. Unser Weilheimer Paar, Thomas Koterba und Ren\u00e9e Rothb\u00f6ck, die ja erst seit 6 Monaten zusammen trainieren, hatten sich als Ziel eben dieses Viertelfinale vorgenommen, um dann abends beim Ball noch mal f\u00fcrs Weilheimer Publikum tanzen zu d\u00fcrfen. Und mit der H\u00f6chstzahl von 25 Kreuzen schafften sie dies auch mehr als deutlich und gingen somit einigerma\u00dfen entspannt in die Pause. Die Weilheimer Stadthalle wurde dann n\u00e4mlich umdekoriert f\u00fcr die festliche, abendliche Ballveranstaltung!<\/p>\n<p><a href=\"https:\/\/tanzen-weilheim.de\/cms\/wp-content\/uploads\/2018\/03\/Koterba-Rothb\u00f6ck-06.jpg\"><img loading=\"lazy\" decoding=\"async\" class=\"alignnone size-medium wp-image-10115\" alt=\"Koterba-Rothb\u00f6ck 06\" src=\"https:\/\/tanzen-weilheim.de\/cms\/wp-content\/uploads\/2018\/03\/Koterba-Rothb\u00f6ck-06-199x300.jpg\" width=\"199\" height=\"300\"><\/a><\/p>\n<p>Dieser Ball, der wie auch die Nachmittagsveranstaltung bestens besucht war, begann mit einer tollen Ehrung f\u00fcr den im April auf eigenen Wunsch aus dem Amt scheidenden Leiter der TSA, Peter Handel: er erhielt aus den H\u00e4nden des Pr\u00e4sidenten des LTVB, Rudolf Meindl die Ehrennadel des LTVB in Gold mit Kranz, eine seltene Auszeichnung! Der Laudatio schlo\u00df sich der 1. Vorsitzende des TSV 1847 Weilheim e.V., Dieter Pausch gleich an und \u00fcberreichte Peter Handel f\u00fcr seine fast 30-j\u00e4hrige (!) T\u00e4tigkeit in der Abteilungsleitung der TSA ein Weinpr\u00e4sent nebst einem Blumenstrau\u00df f\u00fcr Peter\u00b4s Gattin Birgit.<\/p>\n<p><a href=\"https:\/\/tanzen-weilheim.de\/cms\/wp-content\/uploads\/2018\/03\/2018-03-03-Ehrung-Peter-Handel-200x300.jpg\"><img loading=\"lazy\" decoding=\"async\" class=\"alignnone size-full wp-image-10116\" alt=\"2018-03-03-Ehrung-Peter-Handel-200x300\" src=\"https:\/\/tanzen-weilheim.de\/cms\/wp-content\/uploads\/2018\/03\/2018-03-03-Ehrung-Peter-Handel-200x300.jpg\" width=\"200\" height=\"300\"><\/a><\/p>\n<p>Dann ging es auch gleich weiter mit dem Viertelfinale der S-Klasse. Thomas und Ren\u00e9e tanzen entspannt und locker, aber dennoch hochkonzentriert, angefeuert vom lautstarken Weilheimer Publikum, so da\u00df beim Verlesen der qualifizierten Paare f\u00fcrs Halbfinale die \u00dcberraschung und vor allem auch die Freude riesengro\u00df waren, als sie h\u00f6rten, da\u00df sie auch hier noch mit im Rennen waren. F\u00fcrs Finale hat\u00b4s dann nicht mehr gereicht, aber das war den beiden eigentlich von Anfang an klar. Ein 12. Platz im erst zweiten gemeinsamen Turnier und nach erst sechs Monaten gemeinsamen Trainings war weitaus mehr, als die beiden sich angesichts des von allen anwesenden Fachleuten als hochqualitativ eingestuften und sehr gro\u00dfen Teilnehmerfeldes der S-Klasse h\u00e4tten tr\u00e4umen lassen. Thomas und Ren\u00e9e waren dementsprechend hochzufrieden und gl\u00fccklich! Der Meistertitel der S-Klasse ging in einem exzellenten Finale an Wolfgang Walter und Ilse von Beyer aus N\u00fcrnberg.<\/p>\n<p><a href=\"https:\/\/tanzen-weilheim.de\/cms\/wp-content\/uploads\/2018\/03\/Siegerehrung-Sen-III-S.jpg\"><img loading=\"lazy\" decoding=\"async\" class=\"alignnone size-medium wp-image-10117\" alt=\"Siegerehrung Sen III S\" src=\"https:\/\/tanzen-weilheim.de\/cms\/wp-content\/uploads\/2018\/03\/Siegerehrung-Sen-III-S-300x193.jpg\" width=\"300\" height=\"193\" srcset=\"https:\/\/tanzen-weilheim.de\/cms\/wp-content\/uploads\/2018\/03\/Siegerehrung-Sen-III-S-300x193.jpg 300w, https:\/\/tanzen-weilheim.de\/cms\/wp-content\/uploads\/2018\/03\/Siegerehrung-Sen-III-S-960x618.jpg 960w, https:\/\/tanzen-weilheim.de\/cms\/wp-content\/uploads\/2018\/03\/Siegerehrung-Sen-III-S-768x495.jpg 768w, https:\/\/tanzen-weilheim.de\/cms\/wp-content\/uploads\/2018\/03\/Siegerehrung-Sen-III-S-1024x660.jpg 1024w, https:\/\/tanzen-weilheim.de\/cms\/wp-content\/uploads\/2018\/03\/Siegerehrung-Sen-III-S-400x258.jpg 400w, https:\/\/tanzen-weilheim.de\/cms\/wp-content\/uploads\/2018\/03\/Siegerehrung-Sen-III-S-800x515.jpg 800w, https:\/\/tanzen-weilheim.de\/cms\/wp-content\/uploads\/2018\/03\/Siegerehrung-Sen-III-S.jpg 1849w\" sizes=\"auto, (max-width: 300px) 100vw, 300px\" \/><\/a><\/p>\n<p><i>Egal ob man die T\u00e4nzer, Trainer, Funktion\u00e4re oder das Publikum fragte, der Tenor lautete: \u201eEine wundersch\u00f6ne, stimmungsvolle und bestens organisierte Veranstaltung, f\u00fcr die es sich immer lohnt nach Weilheim zu kommen. Gerne wieder\u2026\u201c<\/i> So schrieb es der LTVB auf seiner Homepage. Dem ist nichts hinzuzuf\u00fcgen.<\/p>\n<p>Die Ergebnisse aus Weilheim sind hier: <strong><a href=\"https:\/\/tanzen-weilheim.de\/cms\/wp-content\/uploads\/2018\/03\/LM_2018_SenIII_D-S\/\">Ergebnisse Bayerische Meisterschaft Sen III D,C,B,A,S in Standard <\/a><\/strong><\/p>\n<p>Aber das Wochenende war ja noch nicht vorbei! Gleich am n\u00e4chsten Tag ging es f\u00fcr die Paare der Senioren II (ein Partner \u00fcber 40, der andere \u00fcber 45) sowie der Senioren IV (einer \u00fcber 60, der andere \u00fcber 65) zum TSC dancepoint K\u00f6nigsbrunn e.V., der diese zweite Landesmeisterschaft des Wochenendes ausrichtete. Auch hier war, wie in Weilheim, die Stimmung in der Halle absolut super und forderte die Paare zu tollen Leistungen heraus. Und so erreichten dann Peter und Birgit Handel in der Sen IV in ihrer Leistungsklasse B das ersehnte Trepperl und durften sich \u00fcber einen verdienten 3. Platz und die Bronzemedaille, die dritte an diesem Wochenende f\u00fcr Weilheim, so richtig freuen.<\/p>\n<p><a href=\"https:\/\/tanzen-weilheim.de\/cms\/wp-content\/uploads\/2018\/03\/Siegerehrung-Sen-IV-B.jpg\"><img loading=\"lazy\" decoding=\"async\" class=\"alignnone size-medium wp-image-10118\" alt=\"Siegerehrung Sen IV B\" src=\"https:\/\/tanzen-weilheim.de\/cms\/wp-content\/uploads\/2018\/03\/Siegerehrung-Sen-IV-B-300x168.jpg\" width=\"300\" height=\"168\"><\/a><\/p>\n<p>Ganz knapp am Trepperl vorbei schrammten Christian und Tanja Dick mit ihrem 4. Platz in der Klasse B bei den Senioren II. Angesichts des gro\u00dfen und auch sehr starken Feldes ist das aber aller Ehren wert und die Beiden waren mit ihrem Tanzen genauso zufrieden wie unsere Trainer Manfred Kober, Heike Seimen, Peter Schramm und Dr. Oliver Geulen, denen an dieser Stelle mal ein gro\u00dfer Dank geb\u00fchrt f\u00fcr all die tollen Erfolge dieses Wochenendes!<\/p>\n<p>Die Ergebnisse aus K\u00f6nigsbrunn sind hier zu finden:&nbsp; <a href=\"http:\/\/ltvb.de\/wp-content\/uploads\/results\/2816\/index.htm\">Ergebnisse Bayerische Meisterschaft Sen II D,C,B,A und Sen IV B,A,S<\/a><\/p>\n<p><a href=\"https:\/\/tanzen-weilheim.de\/cms\/wp-content\/uploads\/2018\/03\/Siegerehrung-Sen-II-B.jpg\"><img loading=\"lazy\" decoding=\"async\" class=\"alignnone size-medium wp-image-10119\" alt=\"Siegerehrung Sen II B\" src=\"https:\/\/tanzen-weilheim.de\/cms\/wp-content\/uploads\/2018\/03\/Siegerehrung-Sen-II-B-300x168.jpg\" width=\"300\" height=\"168\"><\/a> <a href=\"https:\/\/tanzen-weilheim.de\/cms\/wp-content\/uploads\/2018\/03\/Dick-17.jpg\"><img loading=\"lazy\" decoding=\"async\" class=\"alignnone size-medium wp-image-10120\" alt=\"Dick 17\" src=\"https:\/\/tanzen-weilheim.de\/cms\/wp-content\/uploads\/2018\/03\/Dick-17-300x284.jpg\" width=\"300\" height=\"284\"><\/a><\/p>\n<p>Bei einem \u201enormalen\u201c Sportturnier in M\u00fcnchen schrammten auch Christopher Roth und Moana Bauer mit einem 7. Platz in der Hauptgruppe C-Standard am Finale vorbei, d\u00fcrfen aber mit Ihrer Leistung dennoch zufrieden sein!<\/p>\n<p><a href=\"https:\/\/tanzen-weilheim.de\/cms\/wp-content\/uploads\/2018\/03\/Roth-Bauer-14a.jpg\"><img loading=\"lazy\" decoding=\"async\" class=\"alignnone size-medium wp-image-10121\" alt=\"Roth-Bauer 14a\" src=\"https:\/\/tanzen-weilheim.de\/cms\/wp-content\/uploads\/2018\/03\/Roth-Bauer-14a-217x300.jpg\" width=\"217\" height=\"300\" srcset=\"https:\/\/tanzen-weilheim.de\/cms\/wp-content\/uploads\/2018\/03\/Roth-Bauer-14a-217x300.jpg 217w, https:\/\/tanzen-weilheim.de\/cms\/wp-content\/uploads\/2018\/03\/Roth-Bauer-14a-695x960.jpg 695w, https:\/\/tanzen-weilheim.de\/cms\/wp-content\/uploads\/2018\/03\/Roth-Bauer-14a-768x1060.jpg 768w, https:\/\/tanzen-weilheim.de\/cms\/wp-content\/uploads\/2018\/03\/Roth-Bauer-14a-742x1024.jpg 742w, https:\/\/tanzen-weilheim.de\/cms\/wp-content\/uploads\/2018\/03\/Roth-Bauer-14a-400x552.jpg 400w, https:\/\/tanzen-weilheim.de\/cms\/wp-content\/uploads\/2018\/03\/Roth-Bauer-14a-579x800.jpg 579w, https:\/\/tanzen-weilheim.de\/cms\/wp-content\/uploads\/2018\/03\/Roth-Bauer-14a.jpg 1292w\" sizes=\"auto, (max-width: 217px) 100vw, 217px\" \/><\/a><\/p>\n<p>Und auch unsere Formation hat beim Turnier der Hobbyliga in Landshut wieder mal zugeschlagen und einen supertollen 2. Platz ertanzt!<\/p>\n<p><a href=\"https:\/\/tanzen-weilheim.de\/cms\/wp-content\/uploads\/2018\/03\/Formation-05.jpg\"><img loading=\"lazy\" decoding=\"async\" class=\"alignnone size-medium wp-image-10122\" alt=\"OLYMPUS DIGITAL CAMERA\" src=\"https:\/\/tanzen-weilheim.de\/cms\/wp-content\/uploads\/2018\/03\/Formation-05-300x225.jpg\" width=\"300\" height=\"225\" srcset=\"https:\/\/tanzen-weilheim.de\/cms\/wp-content\/uploads\/2018\/03\/Formation-05-300x225.jpg 300w, https:\/\/tanzen-weilheim.de\/cms\/wp-content\/uploads\/2018\/03\/Formation-05-960x720.jpg 960w, https:\/\/tanzen-weilheim.de\/cms\/wp-content\/uploads\/2018\/03\/Formation-05-1920x1440.jpg 1920w, https:\/\/tanzen-weilheim.de\/cms\/wp-content\/uploads\/2018\/03\/Formation-05-768x576.jpg 768w, https:\/\/tanzen-weilheim.de\/cms\/wp-content\/uploads\/2018\/03\/Formation-05-400x300.jpg 400w, https:\/\/tanzen-weilheim.de\/cms\/wp-content\/uploads\/2018\/03\/Formation-05-800x600.jpg 800w, https:\/\/tanzen-weilheim.de\/cms\/wp-content\/uploads\/2018\/03\/Formation-05-1024x768.jpg 1024w\" sizes=\"auto, (max-width: 300px) 100vw, 300px\" \/><\/a><\/p>\n<p>Insgesamt war das ohne \u00dcbertreibung ein \u201eWahnsinns-Wochenende\u201c f\u00fcr den Weilheimer Tanzsport. Die Abteilung gratuliert allen Beteiligten von ganzem Herzen und freut sich sehr!<\/p>\n<p>&nbsp;<\/p>\n<p>05.03.2018\/tk<\/p>\n<p>Fotos:&nbsp; \u00a9 blitznicht.de bzw. TSA<\/p>\n","protected":false},"excerpt":{"rendered":"<p>Weilheim\/K\u00f6nigsbrunn.&nbsp; Am Samstag und Sonntag, 03. und 04. M\u00e4rz 2018 stand f\u00fcr viele Paare der Tanzsportabteilung des TSV 1847 Weilheim e.V. (TSA) der Saisonh\u00f6hepunkt auf dem Programm, n\u00e4mlich die Landesmeisterschaften in den Standardt\u00e4nzen der Senioren III; samstags in der Weilheimer Stadthalle und sonntags f\u00fcr die Senioren II und IV in K\u00f6nigsbrunn.<\/p>\n","protected":false},"author":17,"featured_media":10515,"comment_status":"open","ping_status":"open","sticky":false,"template":"","format":"standard","meta":{"_jetpack_memberships_contains_paid_content":false,"footnotes":""},"categories":[1],"tags":[],"class_list":["post-10106","post","type-post","status-publish","format-standard","has-post-thumbnail","hentry","category-allgemein"],"jetpack_featured_media_url":"https:\/\/tanzen-weilheim.de\/cms\/wp-content\/uploads\/2018\/04\/Bauer-10.jpg","jetpack_sharing_enabled":true,"_links":{"self":[{"href":"https:\/\/tanzen-weilheim.de\/cms\/wp-json\/wp\/v2\/posts\/10106","targetHints":{"allow":["GET"]}}],"collection":[{"href":"https:\/\/tanzen-weilheim.de\/cms\/wp-json\/wp\/v2\/posts"}],"about":[{"href":"https:\/\/tanzen-weilheim.de\/cms\/wp-json\/wp\/v2\/types\/post"}],"author":[{"embeddable":true,"href":"https:\/\/tanzen-weilheim.de\/cms\/wp-json\/wp\/v2\/users\/17"}],"replies":[{"embeddable":true,"href":"https:\/\/tanzen-weilheim.de\/cms\/wp-json\/wp\/v2\/comments?post=10106"}],"version-history":[{"count":14,"href":"https:\/\/tanzen-weilheim.de\/cms\/wp-json\/wp\/v2\/posts\/10106\/revisions"}],"predecessor-version":[{"id":14749,"href":"https:\/\/tanzen-weilheim.de\/cms\/wp-json\/wp\/v2\/posts\/10106\/revisions\/14749"}],"wp:featuredmedia":[{"embeddable":true,"href":"https:\/\/tanzen-weilheim.de\/cms\/wp-json\/wp\/v2\/media\/10515"}],"wp:attachment":[{"href":"https:\/\/tanzen-weilheim.de\/cms\/wp-json\/wp\/v2\/media?parent=10106"}],"wp:term":[{"taxonomy":"category","embeddable":true,"href":"https:\/\/tanzen-weilheim.de\/cms\/wp-json\/wp\/v2\/categories?post=10106"},{"taxonomy":"post_tag","embeddable":true,"href":"https:\/\/tanzen-weilheim.de\/cms\/wp-json\/wp\/v2\/tags?post=10106"}],"curies":[{"name":"wp","href":"https:\/\/api.w.org\/{rel}","templated":true}]}}