{"id":10048,"date":"2018-02-19T21:35:54","date_gmt":"2018-02-19T19:35:54","guid":{"rendered":"http:\/\/tanzen-weilheim.de\/cms\/?p=10048"},"modified":"2018-02-26T21:40:22","modified_gmt":"2018-02-26T19:40:22","slug":"erneutes-super-ergebnis-der-weilheimer-tanzsport-formation","status":"publish","type":"post","link":"https:\/\/tanzen-weilheim.de\/cms\/10048\/erneutes-super-ergebnis-der-weilheimer-tanzsport-formation","title":{"rendered":"Erneutes Super-Ergebnis der Weilheimer Tanzsport-Formation"},"content":{"rendered":"<p><b>Weilheim\/Wasserburg.<\/b> Auch das zweite Turnier der vom LTVB (Landestanzsportverband Bayern) in 2017 ins Leben gerufenen Formations-Hobbyliga endete mit einem gro\u00dfen Erfolg f\u00fcr Weilheim. <!--more--><\/p>\n<p>Beim Auftaktturnier der diesj\u00e4hrigen Serie Anfang Februar in Bayreuth war\u00b4s noch Platz 3. Am letzten Samstag in der mit ca. 300 Zuschauern gut gef\u00fcllten Wasserburger Badriahalle mu\u00dfte sich das Team Weilheim nur der Holzkirchner Formation geschlagen geben und erreichte einen tollen 2. Platz!<\/p>\n<p>Bedingt durch die Verkehrslage war der Turnierablauf etwas \u201edurcheinander\u201c; auch zwei Wertungsrichter kamen dadurch etwas sp\u00e4ter; dennoch lief alles gut und die Paare der Weilheimer Formation zeigten ihre anspruchsvolle Choreografie von Anfang bis Ende hochkonzentriert. Auch diesmal f\u00fchlten sich die Paare der Hobbyliga durch diese systemisch gelungene Kombination mit dem Leistungssport von Anfang an super an- und aufgenommen und konnten so tollen Sport vor vollem Publikum zeigen.<\/p>\n<p>Nach dem dritten Platz im ersten Turnier und den Ergebnissen aus dem Vorjahr wu\u00dften unsere Formationspaare schon, da\u00df sie ganz gut drauf waren und vor allem bestens vorbereitet vom Trainerteam mit Julia Jussel, Birgit Handel und Paul Handel. Trotzdem ist so ein Start immer wieder auch eine Nervensache; man ist gespannt und aufgeregt und so soll es ja auch sein! Und da\u00df unsere Formation ihre Sache erneut gut gemacht hat und alles souver\u00e4n auf die Tanzfl\u00e4che gebracht hat, das sieht man ja am Ergebnis!<\/p>\n<p><a href=\"https:\/\/tanzen-weilheim.de\/cms\/wp-content\/uploads\/2018\/02\/Formation-11.jpg\"><img loading=\"lazy\" decoding=\"async\" class=\"alignnone size-medium wp-image-10049\" alt=\"Formation 11\" src=\"https:\/\/tanzen-weilheim.de\/cms\/wp-content\/uploads\/2018\/02\/Formation-11-300x225.jpg\" width=\"300\" height=\"225\" srcset=\"https:\/\/tanzen-weilheim.de\/cms\/wp-content\/uploads\/2018\/02\/Formation-11-300x225.jpg 300w, https:\/\/tanzen-weilheim.de\/cms\/wp-content\/uploads\/2018\/02\/Formation-11-960x720.jpg 960w, https:\/\/tanzen-weilheim.de\/cms\/wp-content\/uploads\/2018\/02\/Formation-11-768x576.jpg 768w, https:\/\/tanzen-weilheim.de\/cms\/wp-content\/uploads\/2018\/02\/Formation-11-1024x768.jpg 1024w, https:\/\/tanzen-weilheim.de\/cms\/wp-content\/uploads\/2018\/02\/Formation-11-400x300.jpg 400w, https:\/\/tanzen-weilheim.de\/cms\/wp-content\/uploads\/2018\/02\/Formation-11-800x600.jpg 800w, https:\/\/tanzen-weilheim.de\/cms\/wp-content\/uploads\/2018\/02\/Formation-11.jpg 1280w\" sizes=\"auto, (max-width: 300px) 100vw, 300px\" \/><\/a> <a href=\"https:\/\/tanzen-weilheim.de\/cms\/wp-content\/uploads\/2018\/02\/Formation-10.jpg\"><img loading=\"lazy\" decoding=\"async\" class=\"alignnone size-medium wp-image-10050\" alt=\"Formation 10\" src=\"https:\/\/tanzen-weilheim.de\/cms\/wp-content\/uploads\/2018\/02\/Formation-10-225x300.jpg\" width=\"168\" height=\"224\" srcset=\"https:\/\/tanzen-weilheim.de\/cms\/wp-content\/uploads\/2018\/02\/Formation-10-225x300.jpg 225w, https:\/\/tanzen-weilheim.de\/cms\/wp-content\/uploads\/2018\/02\/Formation-10-720x960.jpg 720w, https:\/\/tanzen-weilheim.de\/cms\/wp-content\/uploads\/2018\/02\/Formation-10-768x1024.jpg 768w, https:\/\/tanzen-weilheim.de\/cms\/wp-content\/uploads\/2018\/02\/Formation-10-400x533.jpg 400w, https:\/\/tanzen-weilheim.de\/cms\/wp-content\/uploads\/2018\/02\/Formation-10-600x800.jpg 600w, https:\/\/tanzen-weilheim.de\/cms\/wp-content\/uploads\/2018\/02\/Formation-10.jpg 960w\" sizes=\"auto, (max-width: 168px) 100vw, 168px\" \/><\/a><\/p>\n<p>Auch durch dieses tolle Erlebnis und Ergebnis angespornt, hei\u00dft es jetzt wieder flei\u00dfig trainieren, denn die n\u00e4chsten Turniere der Hobbyliga-Serie stehen schon an. Motivationsarbeit m\u00fcssen unsere Trainer hier jedenfalls nicht mehr leisten\u2026<\/p>\n<p>&nbsp;<\/p>\n<p>Die Abteilung gratuliert von Herzen und man kann da nur sagen: weiter so!<\/p>\n<p>&nbsp;<\/p>\n<p>&nbsp;<\/p>\n<p>19.02.2018\/tk<\/p>\n","protected":false},"excerpt":{"rendered":"<p>Weilheim\/Wasserburg. Auch das zweite Turnier der vom LTVB (Landestanzsportverband Bayern) in 2017 ins Leben gerufenen Formations-Hobbyliga endete mit einem gro\u00dfen Erfolg f\u00fcr Weilheim.<\/p>\n","protected":false},"author":17,"featured_media":0,"comment_status":"open","ping_status":"open","sticky":false,"template":"","format":"standard","meta":{"_jetpack_memberships_contains_paid_content":false,"footnotes":""},"categories":[1],"tags":[],"class_list":["post-10048","post","type-post","status-publish","format-standard","hentry","category-allgemein"],"jetpack_featured_media_url":"","jetpack_sharing_enabled":true,"_links":{"self":[{"href":"https:\/\/tanzen-weilheim.de\/cms\/wp-json\/wp\/v2\/posts\/10048","targetHints":{"allow":["GET"]}}],"collection":[{"href":"https:\/\/tanzen-weilheim.de\/cms\/wp-json\/wp\/v2\/posts"}],"about":[{"href":"https:\/\/tanzen-weilheim.de\/cms\/wp-json\/wp\/v2\/types\/post"}],"author":[{"embeddable":true,"href":"https:\/\/tanzen-weilheim.de\/cms\/wp-json\/wp\/v2\/users\/17"}],"replies":[{"embeddable":true,"href":"https:\/\/tanzen-weilheim.de\/cms\/wp-json\/wp\/v2\/comments?post=10048"}],"version-history":[{"count":2,"href":"https:\/\/tanzen-weilheim.de\/cms\/wp-json\/wp\/v2\/posts\/10048\/revisions"}],"predecessor-version":[{"id":10052,"href":"https:\/\/tanzen-weilheim.de\/cms\/wp-json\/wp\/v2\/posts\/10048\/revisions\/10052"}],"wp:attachment":[{"href":"https:\/\/tanzen-weilheim.de\/cms\/wp-json\/wp\/v2\/media?parent=10048"}],"wp:term":[{"taxonomy":"category","embeddable":true,"href":"https:\/\/tanzen-weilheim.de\/cms\/wp-json\/wp\/v2\/categories?post=10048"},{"taxonomy":"post_tag","embeddable":true,"href":"https:\/\/tanzen-weilheim.de\/cms\/wp-json\/wp\/v2\/tags?post=10048"}],"curies":[{"name":"wp","href":"https:\/\/api.w.org\/{rel}","templated":true}]}}